{"id":8739,"date":"2026-04-28T12:02:57","date_gmt":"2026-04-28T15:02:57","guid":{"rendered":"https:\/\/hcd.munialvear.gov.ar\/?p=8739"},"modified":"2026-04-28T12:02:57","modified_gmt":"2026-04-28T15:02:57","slug":"resumen-de-la-cuarta-sesion-ordinaria-2026","status":"publish","type":"post","link":"https:\/\/hcd.munialvear.gov.ar\/?p=8739","title":{"rendered":"RESUMEN DE LA CUARTA SESI\u00d3N ORDINARIA 2026"},"content":{"rendered":"\n<p><strong>RESUMEN DE LA CUARTA SESI\u00d3N ORDINARIA 2026 REALIZADA EL DIA LUNES 20 DE ABRIL EN LA SALA \u201cH\u00c9ROES DE MALVINAS\u201d DEL HCD<\/strong><\/p>\n\n\n\n<ol class=\"wp-block-list\">\n<li>Acta 858\/2026: aprobada<\/li>\n<\/ol>\n\n\n\n<ul class=\"wp-block-list\">\n<li>Correspondencia:<\/li>\n\n\n\n<li>Nota vecino D. Sena, se env\u00eda respuesta<\/li>\n\n\n\n<li>Nota vecino J. L. M\u00e9ndez, se env\u00eda respuesta<\/li>\n\n\n\n<li>Nota M\u00e9dicos servicio de Guardia: Se aprob\u00f3 Resoluci\u00f3n por unanimidad, solicitando al Ejecutivo:<\/li>\n\n\n\n<li>Abra canal de di\u00e1logo para canalizar las distintas inquietudes<\/li>\n\n\n\n<li>Abra sin m\u00e1s tr\u00e1mite Mesa Paritaria local<\/li>\n\n\n\n<li>Convoque a Profesionales o sus representantes a reuni\u00f3n con participaci\u00f3n del Concejo en Comisi\u00f3n<\/li>\n<\/ul>\n\n\n\n<ul class=\"wp-block-list\">\n<li>Convalidar contrato de Locaci\u00f3n e\/Dasti SACIFI y Municipalidad. <em>Aprobado por unanimidad<\/em><\/li>\n\n\n\n<li>Proyectos 2026 de la Direcci\u00f3n General de Desarrollo Econ\u00f3mico: pasa a Comisi\u00f3n de Obras, Servicios P\u00fablicos, Producci\u00f3n y Empleo extensivo a Concejo en Comisi\u00f3n.<\/li>\n\n\n\n<li>Comisi\u00f3n de Apoyo al Ruedo Municipal p\/actividades de destrezas gauchas: pasa a Comisi\u00f3n de Educaci\u00f3n, Cultura, Legislaci\u00f3n y Reglamento<\/li>\n\n\n\n<li>Incremento Salarial 2,5%, de Guardias M\u00e9dicas; Creaci\u00f3n y Eliminaci\u00f3n de Cargos; <em>Aprobado por unanimidad<\/em><\/li>\n\n\n\n<li>) y 8) Autorizaci\u00f3n Licencia Jueza de Faltas Municipal y designaci\u00f3n Jueza de Faltas Interina; <em>Aprobadas por unanimidad<\/em><\/li>\n\n\n\n<li>Convalidaci\u00f3n Contrato de locaci\u00f3n\u00a0 e\/Sra. Marisa Paternostro y Municipalidad, <em>Aprobado por mayor\u00eda<\/em><\/li>\n\n\n\n<li>Comisi\u00f3n de Carreras H\u00edpicas; pasa a Comisi\u00f3n de Educaci\u00f3n, Cultura, Legislaci\u00f3n y Reglamento<\/li>\n\n\n\n<li>Dict\u00e1menes Proyectos 2026, Direcci\u00f3n General de Deportes, Direcci\u00f3n General de Educaci\u00f3n y Juventud y Direcci\u00f3n General de Cultura; <em>Aprobados por unanimidad<\/em><\/li>\n\n\n\n<li>Modificaci\u00f3n Ordenanza 1535\/2009 (Creaci\u00f3n OMIC), proyecto Nuevos Aires: pasa a Comisi\u00f3n de Educaci\u00f3n y Cultura, Legislaci\u00f3n y Reglamento<\/li>\n\n\n\n<li>Creaci\u00f3n Programa Municipal de Desarrollo en Trabajo Digital y Remoto, proyecto Nuevos Aires: pasa a Concejo en Comisi\u00f3n<\/li>\n\n\n\n<li>Otorgamiento de Becas Estudiantiles, proyecto UCR: pasa a Comisi\u00f3n de Educaci\u00f3n y Cultura, Legislaci\u00f3n y Reglamento<\/li>\n\n\n\n<li>Repudio al cese del Programa Nacional Remediar, proyecto PJ-Fuerza Patria. <em>Aprobado por unanimidad<\/em><\/li>\n\n\n\n<li>Pedido de Informe situaci\u00f3n Convenio con Cecaitra (Fotomultas), proyecto PJ-Fuerza Patria. <em>Aprobado por unanimidad<\/em><\/li>\n<\/ul>\n\n\n\n<p><\/p>\n\n\n\n<p><\/p>\n\n\n\n<p class=\"has-text-align-center\">Jos\u00e9 Alberto Alaniz<\/p>\n\n\n\n<p class=\"has-text-align-center\">Presidente HCD<\/p>\n\n\n\n<p class=\"has-text-align-center\">Gral Alvear Bs As<\/p>\n\n\n\n<p><\/p>\n","protected":false},"excerpt":{"rendered":"<p>RESUMEN DE LA CUARTA SESI\u00d3N ORDINARIA 2026 REALIZADA EL DIA LUNES 20 DE ABRIL EN LA SALA \u201cH\u00c9ROES DE MALVINAS\u201d DEL HCD Jos\u00e9 Alberto Alaniz Presidente HCD Gral Alvear Bs As<\/p>\n","protected":false},"author":2,"featured_media":0,"comment_status":"closed","ping_status":"closed","sticky":false,"template":"","format":"standard","meta":{"footnotes":""},"categories":[24],"tags":[],"class_list":["post-8739","post","type-post","status-publish","format-standard","hentry","category-noticias"],"yoast_head":"<!-- This site is optimized with the Yoast SEO plugin v25.7 - https:\/\/yoast.com\/wordpress\/plugins\/seo\/ -->\n<title>RESUMEN DE LA CUARTA SESI\u00d3N ORDINARIA 2026 - Honorable Concejo Deliberante<\/title>\n<meta name=\"robots\" content=\"index, follow, max-snippet:-1, max-image-preview:large, max-video-preview:-1\" \/>\n<link rel=\"canonical\" href=\"https:\/\/hcd.munialvear.gov.ar\/?p=8739\" \/>\n<meta property=\"og:locale\" content=\"es_ES\" \/>\n<meta property=\"og:type\" content=\"article\" \/>\n<meta property=\"og:title\" content=\"RESUMEN DE LA CUARTA SESI\u00d3N ORDINARIA 2026 - Honorable Concejo Deliberante\" \/>\n<meta property=\"og:description\" content=\"RESUMEN DE LA CUARTA SESI\u00d3N ORDINARIA 2026 REALIZADA EL DIA LUNES 20 DE ABRIL EN LA SALA \u201cH\u00c9ROES DE MALVINAS\u201d DEL HCD Jos\u00e9 Alberto Alaniz Presidente HCD Gral Alvear Bs As\" \/>\n<meta property=\"og:url\" content=\"https:\/\/hcd.munialvear.gov.ar\/?p=8739\" \/>\n<meta property=\"og:site_name\" content=\"Honorable Concejo Deliberante\" \/>\n<meta property=\"article:publisher\" content=\"https:\/\/www.facebook.com\/hcdalvearbaires\" \/>\n<meta property=\"article:published_time\" content=\"2026-04-28T15:02:57+00:00\" \/>\n<meta name=\"author\" content=\"Honorable Concejo Deliberante\" \/>\n<meta name=\"twitter:card\" content=\"summary_large_image\" \/>\n<meta name=\"twitter:label1\" content=\"Escrito por\" \/>\n\t<meta name=\"twitter:data1\" content=\"Honorable Concejo Deliberante\" \/>\n\t<meta name=\"twitter:label2\" content=\"Tiempo de lectura\" \/>\n\t<meta name=\"twitter:data2\" content=\"2 minutos\" \/>\n<script type=\"application\/ld+json\" class=\"yoast-schema-graph\">{\"@context\":\"https:\/\/schema.org\",\"@graph\":[{\"@type\":\"Article\",\"@id\":\"https:\/\/hcd.munialvear.gov.ar\/?p=8739#article\",\"isPartOf\":{\"@id\":\"https:\/\/hcd.munialvear.gov.ar\/?p=8739\"},\"author\":{\"name\":\"Honorable Concejo Deliberante\",\"@id\":\"https:\/\/hcd.munialvear.gov.ar\/#\/schema\/person\/00946dc42b08eafacab2fb096957a2a0\"},\"headline\":\"RESUMEN DE LA CUARTA SESI\u00d3N ORDINARIA 2026\",\"datePublished\":\"2026-04-28T15:02:57+00:00\",\"mainEntityOfPage\":{\"@id\":\"https:\/\/hcd.munialvear.gov.ar\/?p=8739\"},\"wordCount\":358,\"publisher\":{\"@id\":\"https:\/\/hcd.munialvear.gov.ar\/#organization\"},\"articleSection\":[\"Noticias\"],\"inLanguage\":\"es-AR\"},{\"@type\":\"WebPage\",\"@id\":\"https:\/\/hcd.munialvear.gov.ar\/?p=8739\",\"url\":\"https:\/\/hcd.munialvear.gov.ar\/?p=8739\",\"name\":\"RESUMEN DE LA CUARTA SESI\u00d3N ORDINARIA 2026 - Honorable Concejo Deliberante\",\"isPartOf\":{\"@id\":\"https:\/\/hcd.munialvear.gov.ar\/#website\"},\"datePublished\":\"2026-04-28T15:02:57+00:00\",\"breadcrumb\":{\"@id\":\"https:\/\/hcd.munialvear.gov.ar\/?p=8739#breadcrumb\"},\"inLanguage\":\"es-AR\",\"potentialAction\":[{\"@type\":\"ReadAction\",\"target\":[\"https:\/\/hcd.munialvear.gov.ar\/?p=8739\"]}]},{\"@type\":\"BreadcrumbList\",\"@id\":\"https:\/\/hcd.munialvear.gov.ar\/?p=8739#breadcrumb\",\"itemListElement\":[{\"@type\":\"ListItem\",\"position\":1,\"name\":\"Inicio\",\"item\":\"https:\/\/hcd.munialvear.gov.ar\/\"},{\"@type\":\"ListItem\",\"position\":2,\"name\":\"RESUMEN DE LA CUARTA SESI\u00d3N ORDINARIA 2026\"}]},{\"@type\":\"WebSite\",\"@id\":\"https:\/\/hcd.munialvear.gov.ar\/#website\",\"url\":\"https:\/\/hcd.munialvear.gov.ar\/\",\"name\":\"Honorable Concejo Deliberante\",\"description\":\"Honorable Concejo Deliberante de General Alvear\",\"publisher\":{\"@id\":\"https:\/\/hcd.munialvear.gov.ar\/#organization\"},\"potentialAction\":[{\"@type\":\"SearchAction\",\"target\":{\"@type\":\"EntryPoint\",\"urlTemplate\":\"https:\/\/hcd.munialvear.gov.ar\/?s={search_term_string}\"},\"query-input\":{\"@type\":\"PropertyValueSpecification\",\"valueRequired\":true,\"valueName\":\"search_term_string\"}}],\"inLanguage\":\"es-AR\"},{\"@type\":\"Organization\",\"@id\":\"https:\/\/hcd.munialvear.gov.ar\/#organization\",\"name\":\"Honorable Concejo Deliberante\",\"url\":\"https:\/\/hcd.munialvear.gov.ar\/\",\"logo\":{\"@type\":\"ImageObject\",\"inLanguage\":\"es-AR\",\"@id\":\"https:\/\/hcd.munialvear.gov.ar\/#\/schema\/logo\/image\/\",\"url\":\"https:\/\/hcd.munialvear.gov.ar\/wp-content\/uploads\/2026\/01\/cropped-logo-concejo-fond-blanco.png\",\"contentUrl\":\"https:\/\/hcd.munialvear.gov.ar\/wp-content\/uploads\/2026\/01\/cropped-logo-concejo-fond-blanco.png\",\"width\":1691,\"height\":1136,\"caption\":\"Honorable Concejo Deliberante\"},\"image\":{\"@id\":\"https:\/\/hcd.munialvear.gov.ar\/#\/schema\/logo\/image\/\"},\"sameAs\":[\"https:\/\/www.facebook.com\/hcdalvearbaires\"]},{\"@type\":\"Person\",\"@id\":\"https:\/\/hcd.munialvear.gov.ar\/#\/schema\/person\/00946dc42b08eafacab2fb096957a2a0\",\"name\":\"Honorable Concejo Deliberante\",\"image\":{\"@type\":\"ImageObject\",\"inLanguage\":\"es-AR\",\"@id\":\"https:\/\/hcd.munialvear.gov.ar\/#\/schema\/person\/image\/\",\"url\":\"https:\/\/secure.gravatar.com\/avatar\/e9138322b013621f1806616595844a8f42d2a2345f32ab965dfa995e2b17ee25?s=96&d=mm&r=g\",\"contentUrl\":\"https:\/\/secure.gravatar.com\/avatar\/e9138322b013621f1806616595844a8f42d2a2345f32ab965dfa995e2b17ee25?s=96&d=mm&r=g\",\"caption\":\"Honorable Concejo Deliberante\"},\"url\":\"https:\/\/hcd.munialvear.gov.ar\/?author=2\"}]}<\/script>\n<!-- \/ Yoast SEO plugin. -->","yoast_head_json":{"title":"RESUMEN DE LA CUARTA SESI\u00d3N ORDINARIA 2026 - Honorable Concejo Deliberante","robots":{"index":"index","follow":"follow","max-snippet":"max-snippet:-1","max-image-preview":"max-image-preview:large","max-video-preview":"max-video-preview:-1"},"canonical":"https:\/\/hcd.munialvear.gov.ar\/?p=8739","og_locale":"es_ES","og_type":"article","og_title":"RESUMEN DE LA CUARTA SESI\u00d3N ORDINARIA 2026 - Honorable Concejo Deliberante","og_description":"RESUMEN DE LA CUARTA SESI\u00d3N ORDINARIA 2026 REALIZADA EL DIA LUNES 20 DE ABRIL EN LA SALA \u201cH\u00c9ROES DE MALVINAS\u201d DEL HCD Jos\u00e9 Alberto Alaniz Presidente HCD Gral Alvear Bs As","og_url":"https:\/\/hcd.munialvear.gov.ar\/?p=8739","og_site_name":"Honorable Concejo Deliberante","article_publisher":"https:\/\/www.facebook.com\/hcdalvearbaires","article_published_time":"2026-04-28T15:02:57+00:00","author":"Honorable Concejo Deliberante","twitter_card":"summary_large_image","twitter_misc":{"Escrito por":"Honorable Concejo Deliberante","Tiempo de lectura":"2 minutos"},"schema":{"@context":"https:\/\/schema.org","@graph":[{"@type":"Article","@id":"https:\/\/hcd.munialvear.gov.ar\/?p=8739#article","isPartOf":{"@id":"https:\/\/hcd.munialvear.gov.ar\/?p=8739"},"author":{"name":"Honorable Concejo Deliberante","@id":"https:\/\/hcd.munialvear.gov.ar\/#\/schema\/person\/00946dc42b08eafacab2fb096957a2a0"},"headline":"RESUMEN DE LA CUARTA SESI\u00d3N ORDINARIA 2026","datePublished":"2026-04-28T15:02:57+00:00","mainEntityOfPage":{"@id":"https:\/\/hcd.munialvear.gov.ar\/?p=8739"},"wordCount":358,"publisher":{"@id":"https:\/\/hcd.munialvear.gov.ar\/#organization"},"articleSection":["Noticias"],"inLanguage":"es-AR"},{"@type":"WebPage","@id":"https:\/\/hcd.munialvear.gov.ar\/?p=8739","url":"https:\/\/hcd.munialvear.gov.ar\/?p=8739","name":"RESUMEN DE LA CUARTA SESI\u00d3N ORDINARIA 2026 - Honorable Concejo Deliberante","isPartOf":{"@id":"https:\/\/hcd.munialvear.gov.ar\/#website"},"datePublished":"2026-04-28T15:02:57+00:00","breadcrumb":{"@id":"https:\/\/hcd.munialvear.gov.ar\/?p=8739#breadcrumb"},"inLanguage":"es-AR","potentialAction":[{"@type":"ReadAction","target":["https:\/\/hcd.munialvear.gov.ar\/?p=8739"]}]},{"@type":"BreadcrumbList","@id":"https:\/\/hcd.munialvear.gov.ar\/?p=8739#breadcrumb","itemListElement":[{"@type":"ListItem","position":1,"name":"Inicio","item":"https:\/\/hcd.munialvear.gov.ar\/"},{"@type":"ListItem","position":2,"name":"RESUMEN DE LA CUARTA SESI\u00d3N ORDINARIA 2026"}]},{"@type":"WebSite","@id":"https:\/\/hcd.munialvear.gov.ar\/#website","url":"https:\/\/hcd.munialvear.gov.ar\/","name":"Honorable Concejo Deliberante","description":"Honorable Concejo Deliberante de General Alvear","publisher":{"@id":"https:\/\/hcd.munialvear.gov.ar\/#organization"},"potentialAction":[{"@type":"SearchAction","target":{"@type":"EntryPoint","urlTemplate":"https:\/\/hcd.munialvear.gov.ar\/?s={search_term_string}"},"query-input":{"@type":"PropertyValueSpecification","valueRequired":true,"valueName":"search_term_string"}}],"inLanguage":"es-AR"},{"@type":"Organization","@id":"https:\/\/hcd.munialvear.gov.ar\/#organization","name":"Honorable Concejo Deliberante","url":"https:\/\/hcd.munialvear.gov.ar\/","logo":{"@type":"ImageObject","inLanguage":"es-AR","@id":"https:\/\/hcd.munialvear.gov.ar\/#\/schema\/logo\/image\/","url":"https:\/\/hcd.munialvear.gov.ar\/wp-content\/uploads\/2026\/01\/cropped-logo-concejo-fond-blanco.png","contentUrl":"https:\/\/hcd.munialvear.gov.ar\/wp-content\/uploads\/2026\/01\/cropped-logo-concejo-fond-blanco.png","width":1691,"height":1136,"caption":"Honorable Concejo Deliberante"},"image":{"@id":"https:\/\/hcd.munialvear.gov.ar\/#\/schema\/logo\/image\/"},"sameAs":["https:\/\/www.facebook.com\/hcdalvearbaires"]},{"@type":"Person","@id":"https:\/\/hcd.munialvear.gov.ar\/#\/schema\/person\/00946dc42b08eafacab2fb096957a2a0","name":"Honorable Concejo Deliberante","image":{"@type":"ImageObject","inLanguage":"es-AR","@id":"https:\/\/hcd.munialvear.gov.ar\/#\/schema\/person\/image\/","url":"https:\/\/secure.gravatar.com\/avatar\/e9138322b013621f1806616595844a8f42d2a2345f32ab965dfa995e2b17ee25?s=96&d=mm&r=g","contentUrl":"https:\/\/secure.gravatar.com\/avatar\/e9138322b013621f1806616595844a8f42d2a2345f32ab965dfa995e2b17ee25?s=96&d=mm&r=g","caption":"Honorable Concejo Deliberante"},"url":"https:\/\/hcd.munialvear.gov.ar\/?author=2"}]}},"_links":{"self":[{"href":"https:\/\/hcd.munialvear.gov.ar\/index.php?rest_route=\/wp\/v2\/posts\/8739","targetHints":{"allow":["GET"]}}],"collection":[{"href":"https:\/\/hcd.munialvear.gov.ar\/index.php?rest_route=\/wp\/v2\/posts"}],"about":[{"href":"https:\/\/hcd.munialvear.gov.ar\/index.php?rest_route=\/wp\/v2\/types\/post"}],"author":[{"embeddable":true,"href":"https:\/\/hcd.munialvear.gov.ar\/index.php?rest_route=\/wp\/v2\/users\/2"}],"replies":[{"embeddable":true,"href":"https:\/\/hcd.munialvear.gov.ar\/index.php?rest_route=%2Fwp%2Fv2%2Fcomments&post=8739"}],"version-history":[{"count":1,"href":"https:\/\/hcd.munialvear.gov.ar\/index.php?rest_route=\/wp\/v2\/posts\/8739\/revisions"}],"predecessor-version":[{"id":8740,"href":"https:\/\/hcd.munialvear.gov.ar\/index.php?rest_route=\/wp\/v2\/posts\/8739\/revisions\/8740"}],"wp:attachment":[{"href":"https:\/\/hcd.munialvear.gov.ar\/index.php?rest_route=%2Fwp%2Fv2%2Fmedia&parent=8739"}],"wp:term":[{"taxonomy":"category","embeddable":true,"href":"https:\/\/hcd.munialvear.gov.ar\/index.php?rest_route=%2Fwp%2Fv2%2Fcategories&post=8739"},{"taxonomy":"post_tag","embeddable":true,"href":"https:\/\/hcd.munialvear.gov.ar\/index.php?rest_route=%2Fwp%2Fv2%2Ftags&post=8739"}],"curies":[{"name":"wp","href":"https:\/\/api.w.org\/{rel}","templated":true}]}}