{"id":8725,"date":"2026-04-28T11:45:45","date_gmt":"2026-04-28T14:45:45","guid":{"rendered":"https:\/\/hcd.munialvear.gov.ar\/?p=8725"},"modified":"2026-04-28T11:45:46","modified_gmt":"2026-04-28T14:45:46","slug":"ordenanza-2677-2026","status":"publish","type":"post","link":"https:\/\/hcd.munialvear.gov.ar\/?p=8725","title":{"rendered":"ORDENANZA 2677\/2026"},"content":{"rendered":"\n<p><strong><u>ART\u00cdCULO 1\u00ba:<\/u><\/strong> Modificase la Ordenanza N\u00ba 2675\/2026 modificatoria de la Ordenanza N\u00ba 2667\/2025 del Presupuesto vigente y apru\u00e9bese el incremento en el sueldo b\u00e1sico del 2.5% para el personal municipal a partir 01\/04\/2026.<\/p>\n\n\n\n<p><strong><u>ART\u00cdCULO 2\u00ba:<\/u><\/strong>F\u00edjese para los agentes municipales mayores de dieciocho a\u00f1os (18) a\u00f1os de edad, que cumplan la jornada laboral completa de trabajo de la Administraci\u00f3n Municipal, el sueldo b\u00e1sico m\u00ednimo que a continuaci\u00f3n se detalla:<\/p>\n\n\n\n<p>A partir del 01\/04\/2026\u2026\u2026\u2026\u2026\u2026\u2026\u2026\u2026\u2026\u2026\u2026\u2026\u2026\u2026\u2026\u2026\u2026\u2026\u2026\u2026.$ &nbsp;&nbsp;477.270,71.<\/p>\n\n\n\n<p><strong><u>ARTICULO 3\u00ba:<\/u><\/strong> Determ\u00ednese el siguiente sueldo b\u00e1sico para el Auxiliar Administrativo Categor\u00eda 4&nbsp;ingresante, de 35 hs. a partir del 01 de Abril &nbsp;de 2026 de $ 477.270,71 &nbsp;a los fines de la determinaci\u00f3n del sueldo del se\u00f1or Intendente Municipal y dieta de los se\u00f1ores Concejales, que deber\u00e1 proporcionarse a 40 hs. semanales.<\/p>\n\n\n\n<p>A partir del 01\/04\/2026\u2026\u2026\u2026\u2026\u2026\u2026\u2026\u2026\u2026\u2026\u2026\u2026\u2026..\u2026\u2026\u2026\u2026\u2026\u2026..$ 545.452,40.&nbsp;&nbsp;&nbsp;&nbsp;&nbsp;&nbsp;&nbsp;&nbsp;&nbsp;&nbsp;&nbsp;&nbsp;&nbsp;&nbsp;&nbsp;&nbsp;&nbsp;&nbsp;&nbsp;&nbsp;&nbsp;&nbsp;&nbsp;&nbsp;&nbsp;&nbsp;&nbsp;&nbsp;&nbsp;&nbsp;&nbsp;&nbsp;&nbsp;&nbsp;&nbsp;&nbsp;&nbsp;&nbsp;&nbsp; Se le deber\u00e1 adicionar una bonificaci\u00f3n como operador equipo de computaci\u00f3n de&nbsp; $200, sin distinci\u00f3n de carga horaria.<\/p>\n\n\n\n<p><strong><u>ARTICULO 4\u00ba:<\/u><\/strong>&nbsp;Fijase a partir del 01\/04\/2026 en pesos un mill\u00f3n seiscientos treinta y seis mil novecientos cincuenta y siete mil con veinte centavos ($1.636.957,20) la dieta de los se\u00f1ores Concejales, calculada en tres sueldos de la Categor\u00eda establecida en el Art\u00edculo 3\u00ba de la presente Ordenanza, en su equivalente a cuarenta (40) horas semanales, de acuerdo a lo establecido en el art\u00edculo 92 de la L.O.M.<\/p>\n\n\n\n<p><strong><u>ARTICULO 5\u00ba:<\/u><\/strong>&nbsp;Fijase a partir del 01\/04\/2026 en pesos seis millones quinientos cuarenta y siete mil ochocientos veintiocho &nbsp;con ochenta centavos ($ 6.547.828,80), el sueldo b\u00e1sico del se\u00f1or Intendente Municipal, calculado en doce sueldos de la Categor\u00eda establecida en el Art\u00edculo 3\u00ba de la presente ordenanza, en su equivalente a cuarenta (40) horas semanales, de acuerdo a lo establecido en el art\u00edculo 125 de la L.O.M. La compensaci\u00f3n de gastos de representaci\u00f3n del Se\u00f1or Intendente Municipal se mantendr\u00e1 en pesos treinta mil ($30.000,00).<\/p>\n\n\n\n<p><strong><u>ARTICULO 6\u00ba:<\/u><\/strong>&nbsp;Fijase en un cuarenta (40) por ciento del sueldo del se\u00f1or Intendente Municipal los sueldos b\u00e1sicos de los se\u00f1ores Secretarios de Hacienda, de Gobierno, de Salud y de Obras y Serv. P\u00fablicos.<\/p>\n\n\n\n<p><strong><u>ARTICULO 7\u00ba:<\/u><\/strong> Fijase en un treinta y cinco (35) por ciento del sueldo del se\u00f1or Intendente Municipal&nbsp;&nbsp;el sueldo b\u00e1sico del Contador Municipal.<\/p>\n\n\n\n<p><strong><u>ARTICULO 8\u00ba:<\/u><\/strong> Fijase en un treinta (30) por ciento del sueldo del se\u00f1or Intendente Municipal los sueldos b\u00e1sicos del Tesorero y del Jefe de Compras Municipales.<\/p>\n\n\n\n<p><strong><u>ARTICULO 9\u00ba:<\/u><\/strong>&nbsp;Apru\u00e9bese la n\u00f3mina de sueldos b\u00e1sicos y bonificaciones por cargo y\/o&nbsp;funci\u00f3n de los funcionarios que se detallan en el Anexo I y detalle de Agrupamientos, Anexo II, que forma parte integrante de la presente Ordenanza, a partir del 01\/04\/2026, siendo la cantidad de cargos de la Planta Permanente Municipal de 458.<\/p>\n\n\n\n<p><strong><u>ARTICULO 10\u00ba:<\/u><\/strong>Modif\u00edquese la Ordenanza 2667\/2025 del Presupuesto de Gastos vigente y apru\u00e9bese el incremento del valor de las guardias que se realicen en el Hospital Municipal \u201cBernardino Rivadavia\u201d.<\/p>\n\n\n\n<p>A partir del 1\u00b0 de Abril &nbsp;de 2026:<\/p>\n\n\n\n<figure class=\"wp-block-table\"><table class=\"has-fixed-layout\"><tbody><tr><td><strong>GUARDIAS M\u00c9DICAS ACTIVAS 24 Hs.:<\/strong> Lunes a Viernes &nbsp;$&nbsp;&nbsp;&nbsp;&nbsp;&nbsp;&nbsp; 419.202,56 S\u00e1bado, Domingo y feriados &nbsp;$&nbsp;&nbsp;&nbsp;&nbsp;&nbsp;&nbsp; 491.455,93 <strong>GUARDIAS M\u00c9DICAS PASIVAS 24 Hs.:<\/strong> Lunes a Viernes &nbsp;$&nbsp;&nbsp;&nbsp;&nbsp;&nbsp;&nbsp; 100.000,00 S\u00e1bado, Domingo y feriados &nbsp;$&nbsp;&nbsp;&nbsp;&nbsp;&nbsp;&nbsp; 150.000,00 <strong>CIRUG\u00cdA 24 Hs.:<\/strong> Lunes a Viernes &nbsp;$&nbsp;&nbsp;&nbsp;&nbsp;&nbsp;&nbsp; 174.664,74 S\u00e1bado, Domingo y feriados &nbsp;$&nbsp;&nbsp;&nbsp;&nbsp;&nbsp;&nbsp; 204.727,90<\/td><td><\/td><\/tr><\/tbody><\/table><\/figure>\n\n\n\n<p><strong><u>ART\u00cdCULO 11\u00ba:<\/u><\/strong> Crease en la Ordenanza 2667\/2025 del Presupuesto de Gastos vigente a partir del 1\u00b0 de Abril de 2026 \u00f3 desde la fecha indicada, los siguientes cargos:<\/p>\n\n\n\n<figure class=\"wp-block-table\"><table class=\"has-fixed-layout\"><tbody><tr><td><strong><u>1110101000 Conducci\u00f3n Superior<\/u><\/strong><strong><u><\/u><\/strong><\/td><td><\/td><\/tr><tr><td><strong><u>35.01.00 Administraci\u00f3n Pol\u00edticas Educativas&nbsp; <\/u><\/strong><strong><u><\/u><\/strong><\/td><td><\/td><\/tr><tr><td><strong><u>Personal Administrativo<\/u><\/strong><strong><u><\/u><\/strong><\/td><td><\/td><\/tr><tr><td>05.14.01.35 Of. Administrativo II&nbsp;&nbsp;&nbsp;&nbsp;&nbsp;&nbsp;&nbsp;&nbsp;&nbsp;&nbsp;&nbsp;&nbsp;&nbsp;&nbsp;&nbsp;&nbsp;&nbsp;&nbsp;&nbsp;&nbsp;&nbsp;&nbsp;&nbsp;&nbsp;&nbsp;&nbsp;&nbsp;&nbsp;&nbsp;&nbsp;&nbsp;&nbsp;&nbsp;&nbsp;&nbsp;&nbsp;&nbsp;&nbsp;&nbsp;&nbsp;&nbsp;&nbsp;&nbsp;&nbsp;&nbsp;&nbsp;&nbsp;&nbsp;&nbsp;&nbsp;&nbsp;&nbsp;&nbsp;&nbsp;&nbsp;&nbsp;&nbsp;&nbsp;&nbsp;&nbsp;&nbsp;&nbsp;&nbsp;&nbsp;&nbsp;&nbsp;&nbsp;&nbsp;<\/td><td><strong>1<\/strong><\/td><\/tr><tr><td><\/td><td><\/td><\/tr><tr><td>&nbsp;<strong><u>1110102000 Secretaria de Gobierno y Hacienda<\/u><\/strong><\/td><td><\/td><\/tr><tr><td><strong><u>01.02.00 Gesti\u00f3n de Pol\u00edticas de Hacienda <\/u><\/strong><strong><u><\/u><\/strong><\/td><td><\/td><\/tr><tr><td><strong><u>Personal Administrativo<\/u><\/strong><strong><u><\/u><\/strong><\/td><td><\/td><\/tr><tr><td>05.23.13.35 Enc. Administrativo Of. Varias (A partir 01\/03\/2026)&nbsp;&nbsp;&nbsp;&nbsp;&nbsp;&nbsp;&nbsp;&nbsp;&nbsp;&nbsp;&nbsp;&nbsp;&nbsp;&nbsp;&nbsp;&nbsp;&nbsp;<\/td><td><strong>1<\/strong><\/td><\/tr><tr><td><\/td><td><\/td><\/tr><tr><td><strong><u>1110106000 Secretaria de Obras y Servicios P\u00fablicos<\/u><\/strong><strong><u><\/u><\/strong><\/td><td><\/td><\/tr><tr><td><strong><u>24.01.00 Administraci\u00f3n Obras Publicas<\/u><\/strong><strong><u><\/u><\/strong><\/td><td><\/td><\/tr><tr><td><strong>&nbsp;&nbsp;&nbsp;&nbsp;&nbsp;&nbsp;&nbsp;&nbsp;&nbsp;&nbsp;&nbsp; <u>Personal Obrero<\/u><\/strong><strong><\/strong><\/td><td><\/td><\/tr><tr><td>06.19.06.48 Oficial Tareas Varias&nbsp;&nbsp;&nbsp;&nbsp;&nbsp;&nbsp;&nbsp;&nbsp;&nbsp;&nbsp;&nbsp;&nbsp;&nbsp;&nbsp;&nbsp;&nbsp;&nbsp;&nbsp;&nbsp;&nbsp;&nbsp;&nbsp;&nbsp;&nbsp;&nbsp;&nbsp;&nbsp;&nbsp;&nbsp;&nbsp;&nbsp;&nbsp;&nbsp;&nbsp;&nbsp;&nbsp;&nbsp;&nbsp;&nbsp;&nbsp;&nbsp;&nbsp;&nbsp;&nbsp;&nbsp;&nbsp;&nbsp;&nbsp;&nbsp;&nbsp;&nbsp;&nbsp;&nbsp;&nbsp;&nbsp;&nbsp;&nbsp;&nbsp;&nbsp;&nbsp;&nbsp;&nbsp;&nbsp;&nbsp;&nbsp;&nbsp;&nbsp;&nbsp;&nbsp;&nbsp;&nbsp;&nbsp;<\/td><td><strong>1<\/strong><\/td><\/tr><tr><td>05.19.43.48 Oficial Administrativo I (A partir 01\/03\/2026)<strong>&nbsp;&nbsp;&nbsp;&nbsp;&nbsp;&nbsp;&nbsp;&nbsp;&nbsp;&nbsp;&nbsp;&nbsp;&nbsp;&nbsp;&nbsp;&nbsp;&nbsp;&nbsp;&nbsp;&nbsp;&nbsp;&nbsp;&nbsp;&nbsp;&nbsp;&nbsp;&nbsp;&nbsp;&nbsp;&nbsp;&nbsp;&nbsp;&nbsp;&nbsp;&nbsp;&nbsp;<\/strong><\/td><td><strong>1<\/strong><\/td><\/tr><tr><td><\/td><td><\/td><\/tr><tr><td><strong><u>1110200000 HCD<\/u><\/strong><\/td><td><\/td><\/tr><tr><td><strong><u>01.00.00 Tareas Legislativas<\/u><\/strong><\/td><td><\/td><\/tr><tr><td><strong><u>Personal de Servicio<\/u><\/strong><\/td><td><\/td><\/tr><tr><td>07.09.01.35 Ordenanza HCD<\/td><td><strong>1<\/strong><\/td><\/tr><\/tbody><\/table><\/figure>\n\n\n\n<p><strong><u>Eliminaci\u00f3n a partir del 1\u00b0 de Abril de 2026 y\/o desde las fechas indicadas<\/u><\/strong><\/p>\n\n\n\n<figure class=\"wp-block-table\"><table class=\"has-fixed-layout\"><tbody><tr><td><strong><u>1110102000 Secretaria de Gobierno y Hacienda<\/u><\/strong><\/td><td><\/td><\/tr><tr><td><strong><u>01.02.00 Gesti\u00f3n de Pol\u00edticas de Hacienda <\/u><\/strong><strong><u><\/u><\/strong><\/td><td><\/td><\/tr><tr><td><strong><u>Personal Administrativo<\/u><\/strong><strong><u><\/u><\/strong><\/td><td><\/td><\/tr><tr><td>05.19.27.35 Enc. Administrativo Of. Varias (A partir 01\/03\/2026)<\/td><td><strong>1<\/strong><\/td><\/tr><tr><td>05.14.01.35 Of. Administrativo II&nbsp;&nbsp;&nbsp;&nbsp;&nbsp;&nbsp;&nbsp;&nbsp;&nbsp;&nbsp;&nbsp;&nbsp;&nbsp;&nbsp;&nbsp;&nbsp;&nbsp;&nbsp;&nbsp;&nbsp;&nbsp;&nbsp;&nbsp;&nbsp;&nbsp;&nbsp;&nbsp;&nbsp;&nbsp;&nbsp;&nbsp;&nbsp;&nbsp;&nbsp;&nbsp;&nbsp;&nbsp;&nbsp;&nbsp;&nbsp;&nbsp;&nbsp;&nbsp;&nbsp;&nbsp;&nbsp;&nbsp;&nbsp;&nbsp;&nbsp;&nbsp;&nbsp;&nbsp;&nbsp;&nbsp;&nbsp;&nbsp;&nbsp;&nbsp;&nbsp;&nbsp;&nbsp;&nbsp;&nbsp;&nbsp;&nbsp;&nbsp;<\/td><td><strong>1<\/strong><\/td><\/tr><tr><td><\/td><td><\/td><\/tr><tr><td><strong><u>1110105000 Secretaria de Salud <\/u><\/strong><strong><u><\/u><\/strong><\/td><td><\/td><\/tr><tr><td><strong><u>29.00.00 Hospital Municipal \u201cBernardino Rivadavia\u201d<\/u><\/strong><strong><u><\/u><\/strong><\/td><td><\/td><\/tr><tr><td><strong><u>Personal Obrero<\/u><\/strong><strong><u><\/u><\/strong><\/td><td><\/td><\/tr><tr><td>06.19.06.48 Oficial Tareas Varias<\/td><td><strong>1<\/strong><\/td><\/tr><tr><td><\/td><td><\/td><\/tr><tr><td><strong><u>1110106000 Secretaria de Obras y Servicios P\u00fablicos<\/u><\/strong><strong><u><\/u><\/strong><\/td><td><\/td><\/tr><tr><td><strong><u>25.00.00 Servicios Especiales Urbanos<\/u><\/strong><strong><u><\/u><\/strong><\/td><td><\/td><\/tr><tr><td><strong><u>Personal Obrero<\/u><\/strong><strong><u><\/u><\/strong><\/td><td><\/td><\/tr><tr><td>06.19.42.48 Enc. Adm. Cementerio (a partir del 01\/03\/2026)<\/td><td><strong>1<\/strong><\/td><\/tr><\/tbody><\/table><\/figure>\n\n\n\n<figure class=\"wp-block-table\"><table class=\"has-fixed-layout\"><tbody><tr><td><strong><u>1110200000 HCD<\/u><\/strong><\/td><td><\/td><\/tr><tr><td><strong><u>01.00.00 Tareas Legislativas<\/u><\/strong><\/td><td><\/td><\/tr><tr><td><strong><u>Personal de Servicio<\/u><\/strong><\/td><td><\/td><\/tr><tr><td>07.07.01.35 Ordenanza HCD<\/td><td><strong>1<\/strong><\/td><\/tr><\/tbody><\/table><\/figure>\n\n\n\n<p><strong><u>ARTICULO 12\u00ba: <\/u><\/strong>El Departamento Ejecutivo deber\u00e1 realizar las adecuaciones presupuestarias pertinentes derivadas de los incrementos salariales dispuestos en el presente expediente, utilizando para su financiaci\u00f3n econom\u00edas libre disponibilidad o mayor coparticipaci\u00f3n.<\/p>\n\n\n\n<p><strong><u>ARTICULO 13\u00ba:<\/u><\/strong> Real\u00edcese las modificaciones pertinentes en la Ordenanza de<\/p>\n\n\n\n<p>Referencia redactando un solo cuerpo.<\/p>\n\n\n\n<p><strong><u>ART\u00cdCULO 14\u00ba:<\/u><\/strong> Comun\u00edquese, Reg\u00edstrese, C\u00famplase, Publ\u00edquese.-&nbsp;&nbsp;&nbsp;&nbsp;&nbsp;&nbsp;&nbsp;<\/p>\n\n\n\n<p>Aprobada por unanimidad. Dada en la sala de sesiones \u201cH\u00e9roes de Malvinas\u201d del Honorable Concejo Deliberante de General Alvear, a los veinte d\u00edas del mes de abril del a\u00f1o 2026.<\/p>\n\n\n\n<p><\/p>\n\n\n\n<p><\/p>\n\n\n\n<pre class=\"wp-block-preformatted\"><strong>\u00a0\u00a0Diego Andr\u00e9s Garaventa\u00a0\u00a0\u00a0\u00a0\u00a0\u00a0\u00a0\u00a0\u00a0\u00a0\u00a0\u00a0\u00a0\u00a0\u00a0\u00a0 \u00a0\u00a0\u00a0\u00a0\u00a0\u00a0\u00a0\u00a0\u00a0\u00a0\u00a0\u00a0\u00a0\u00a0\u00a0\u00a0\u00a0\u00a0\u00a0\u00a0\u00a0\u00a0Jos\u00e9 Alberto Alaniz<\/strong><\/pre>\n\n\n\n<pre class=\"wp-block-preformatted\"><strong>Secretario Legislativo H.C.D.\u00a0\u00a0\u00a0\u00a0\u00a0\u00a0\u00a0\u00a0 \u00a0\u00a0\u00a0\u00a0\u00a0\u00a0\u00a0\u00a0\u00a0\u00a0\u00a0\u00a0\u00a0\u00a0\u00a0\u00a0\u00a0\u00a0\u00a0\u00a0\u00a0\u00a0\u00a0\u00a0\u00a0\u00a0Presidente H.C.D.<\/strong><\/pre>\n\n\n\n<p><strong>\u00a0  \u00a0 General Alvear (B.A.)\u00a0\u00a0\u00a0\u00a0\u00a0\u00a0\u00a0\u00a0\u00a0\u00a0\u00a0\u00a0\u00a0\u00a0\u00a0 \u00a0\u00a0\u00a0\u00a0\u00a0\u00a0\u00a0\u00a0\u00a0\u00a0\u00a0\u00a0\u00a0\u00a0\u00a0\u00a0\u00a0\u00a0\u00a0\u00a0\u00a0                                            \u00a0\u00a0\u00a0\u00a0\u00a0\u00a0\u00a0\u00a0\u00a0General Alvear (B.A.)<\/strong><\/p>\n","protected":false},"excerpt":{"rendered":"<p>ART\u00cdCULO 1\u00ba: Modificase la Ordenanza N\u00ba 2675\/2026 modificatoria de la Ordenanza N\u00ba 2667\/2025 del Presupuesto vigente y apru\u00e9bese el incremento en el sueldo b\u00e1sico del 2.5% para el personal municipal a partir 01\/04\/2026. ART\u00cdCULO 2\u00ba:F\u00edjese para los agentes municipales mayores de dieciocho a\u00f1os (18) a\u00f1os de edad, que cumplan la [&hellip;]<\/p>\n","protected":false},"author":2,"featured_media":0,"comment_status":"closed","ping_status":"closed","sticky":false,"template":"","format":"standard","meta":{"footnotes":""},"categories":[10],"tags":[],"class_list":["post-8725","post","type-post","status-publish","format-standard","hentry","category-ordenanzas"],"yoast_head":"<!-- This site is optimized with the Yoast SEO plugin v25.7 - https:\/\/yoast.com\/wordpress\/plugins\/seo\/ -->\n<title>ORDENANZA 2677\/2026 - Honorable Concejo Deliberante<\/title>\n<meta name=\"robots\" content=\"index, follow, max-snippet:-1, max-image-preview:large, max-video-preview:-1\" \/>\n<link rel=\"canonical\" href=\"https:\/\/hcd.munialvear.gov.ar\/?p=8725\" \/>\n<meta property=\"og:locale\" content=\"es_ES\" \/>\n<meta property=\"og:type\" content=\"article\" \/>\n<meta property=\"og:title\" content=\"ORDENANZA 2677\/2026 - Honorable Concejo Deliberante\" \/>\n<meta property=\"og:description\" content=\"ART\u00cdCULO 1\u00ba: Modificase la Ordenanza N\u00ba 2675\/2026 modificatoria de la Ordenanza N\u00ba 2667\/2025 del Presupuesto vigente y apru\u00e9bese el incremento en el sueldo b\u00e1sico del 2.5% para el personal municipal a partir 01\/04\/2026. ART\u00cdCULO 2\u00ba:F\u00edjese para los agentes municipales mayores de dieciocho a\u00f1os (18) a\u00f1os de edad, que cumplan la [&hellip;]\" \/>\n<meta property=\"og:url\" content=\"https:\/\/hcd.munialvear.gov.ar\/?p=8725\" \/>\n<meta property=\"og:site_name\" content=\"Honorable Concejo Deliberante\" \/>\n<meta property=\"article:publisher\" content=\"https:\/\/www.facebook.com\/hcdalvearbaires\" \/>\n<meta property=\"article:published_time\" content=\"2026-04-28T14:45:45+00:00\" \/>\n<meta property=\"article:modified_time\" content=\"2026-04-28T14:45:46+00:00\" \/>\n<meta name=\"author\" content=\"Honorable Concejo Deliberante\" \/>\n<meta name=\"twitter:card\" content=\"summary_large_image\" \/>\n<meta name=\"twitter:label1\" content=\"Escrito por\" \/>\n\t<meta name=\"twitter:data1\" content=\"Honorable Concejo Deliberante\" \/>\n\t<meta name=\"twitter:label2\" content=\"Tiempo de lectura\" \/>\n\t<meta name=\"twitter:data2\" content=\"4 minutos\" \/>\n<script type=\"application\/ld+json\" class=\"yoast-schema-graph\">{\"@context\":\"https:\/\/schema.org\",\"@graph\":[{\"@type\":\"Article\",\"@id\":\"https:\/\/hcd.munialvear.gov.ar\/?p=8725#article\",\"isPartOf\":{\"@id\":\"https:\/\/hcd.munialvear.gov.ar\/?p=8725\"},\"author\":{\"name\":\"Honorable Concejo Deliberante\",\"@id\":\"https:\/\/hcd.munialvear.gov.ar\/#\/schema\/person\/00946dc42b08eafacab2fb096957a2a0\"},\"headline\":\"ORDENANZA 2677\/2026\",\"datePublished\":\"2026-04-28T14:45:45+00:00\",\"dateModified\":\"2026-04-28T14:45:46+00:00\",\"mainEntityOfPage\":{\"@id\":\"https:\/\/hcd.munialvear.gov.ar\/?p=8725\"},\"wordCount\":1153,\"publisher\":{\"@id\":\"https:\/\/hcd.munialvear.gov.ar\/#organization\"},\"articleSection\":[\"Ordenanzas\"],\"inLanguage\":\"es-AR\"},{\"@type\":\"WebPage\",\"@id\":\"https:\/\/hcd.munialvear.gov.ar\/?p=8725\",\"url\":\"https:\/\/hcd.munialvear.gov.ar\/?p=8725\",\"name\":\"ORDENANZA 2677\/2026 - Honorable Concejo Deliberante\",\"isPartOf\":{\"@id\":\"https:\/\/hcd.munialvear.gov.ar\/#website\"},\"datePublished\":\"2026-04-28T14:45:45+00:00\",\"dateModified\":\"2026-04-28T14:45:46+00:00\",\"breadcrumb\":{\"@id\":\"https:\/\/hcd.munialvear.gov.ar\/?p=8725#breadcrumb\"},\"inLanguage\":\"es-AR\",\"potentialAction\":[{\"@type\":\"ReadAction\",\"target\":[\"https:\/\/hcd.munialvear.gov.ar\/?p=8725\"]}]},{\"@type\":\"BreadcrumbList\",\"@id\":\"https:\/\/hcd.munialvear.gov.ar\/?p=8725#breadcrumb\",\"itemListElement\":[{\"@type\":\"ListItem\",\"position\":1,\"name\":\"Inicio\",\"item\":\"https:\/\/hcd.munialvear.gov.ar\/\"},{\"@type\":\"ListItem\",\"position\":2,\"name\":\"ORDENANZA 2677\/2026\"}]},{\"@type\":\"WebSite\",\"@id\":\"https:\/\/hcd.munialvear.gov.ar\/#website\",\"url\":\"https:\/\/hcd.munialvear.gov.ar\/\",\"name\":\"Honorable Concejo Deliberante\",\"description\":\"Honorable Concejo Deliberante de General Alvear\",\"publisher\":{\"@id\":\"https:\/\/hcd.munialvear.gov.ar\/#organization\"},\"potentialAction\":[{\"@type\":\"SearchAction\",\"target\":{\"@type\":\"EntryPoint\",\"urlTemplate\":\"https:\/\/hcd.munialvear.gov.ar\/?s={search_term_string}\"},\"query-input\":{\"@type\":\"PropertyValueSpecification\",\"valueRequired\":true,\"valueName\":\"search_term_string\"}}],\"inLanguage\":\"es-AR\"},{\"@type\":\"Organization\",\"@id\":\"https:\/\/hcd.munialvear.gov.ar\/#organization\",\"name\":\"Honorable Concejo Deliberante\",\"url\":\"https:\/\/hcd.munialvear.gov.ar\/\",\"logo\":{\"@type\":\"ImageObject\",\"inLanguage\":\"es-AR\",\"@id\":\"https:\/\/hcd.munialvear.gov.ar\/#\/schema\/logo\/image\/\",\"url\":\"https:\/\/hcd.munialvear.gov.ar\/wp-content\/uploads\/2026\/01\/cropped-logo-concejo-fond-blanco.png\",\"contentUrl\":\"https:\/\/hcd.munialvear.gov.ar\/wp-content\/uploads\/2026\/01\/cropped-logo-concejo-fond-blanco.png\",\"width\":1691,\"height\":1136,\"caption\":\"Honorable Concejo Deliberante\"},\"image\":{\"@id\":\"https:\/\/hcd.munialvear.gov.ar\/#\/schema\/logo\/image\/\"},\"sameAs\":[\"https:\/\/www.facebook.com\/hcdalvearbaires\"]},{\"@type\":\"Person\",\"@id\":\"https:\/\/hcd.munialvear.gov.ar\/#\/schema\/person\/00946dc42b08eafacab2fb096957a2a0\",\"name\":\"Honorable Concejo Deliberante\",\"image\":{\"@type\":\"ImageObject\",\"inLanguage\":\"es-AR\",\"@id\":\"https:\/\/hcd.munialvear.gov.ar\/#\/schema\/person\/image\/\",\"url\":\"https:\/\/secure.gravatar.com\/avatar\/e9138322b013621f1806616595844a8f42d2a2345f32ab965dfa995e2b17ee25?s=96&d=mm&r=g\",\"contentUrl\":\"https:\/\/secure.gravatar.com\/avatar\/e9138322b013621f1806616595844a8f42d2a2345f32ab965dfa995e2b17ee25?s=96&d=mm&r=g\",\"caption\":\"Honorable Concejo Deliberante\"},\"url\":\"https:\/\/hcd.munialvear.gov.ar\/?author=2\"}]}<\/script>\n<!-- \/ Yoast SEO plugin. -->","yoast_head_json":{"title":"ORDENANZA 2677\/2026 - Honorable Concejo Deliberante","robots":{"index":"index","follow":"follow","max-snippet":"max-snippet:-1","max-image-preview":"max-image-preview:large","max-video-preview":"max-video-preview:-1"},"canonical":"https:\/\/hcd.munialvear.gov.ar\/?p=8725","og_locale":"es_ES","og_type":"article","og_title":"ORDENANZA 2677\/2026 - Honorable Concejo Deliberante","og_description":"ART\u00cdCULO 1\u00ba: Modificase la Ordenanza N\u00ba 2675\/2026 modificatoria de la Ordenanza N\u00ba 2667\/2025 del Presupuesto vigente y apru\u00e9bese el incremento en el sueldo b\u00e1sico del 2.5% para el personal municipal a partir 01\/04\/2026. ART\u00cdCULO 2\u00ba:F\u00edjese para los agentes municipales mayores de dieciocho a\u00f1os (18) a\u00f1os de edad, que cumplan la [&hellip;]","og_url":"https:\/\/hcd.munialvear.gov.ar\/?p=8725","og_site_name":"Honorable Concejo Deliberante","article_publisher":"https:\/\/www.facebook.com\/hcdalvearbaires","article_published_time":"2026-04-28T14:45:45+00:00","article_modified_time":"2026-04-28T14:45:46+00:00","author":"Honorable Concejo Deliberante","twitter_card":"summary_large_image","twitter_misc":{"Escrito por":"Honorable Concejo Deliberante","Tiempo de lectura":"4 minutos"},"schema":{"@context":"https:\/\/schema.org","@graph":[{"@type":"Article","@id":"https:\/\/hcd.munialvear.gov.ar\/?p=8725#article","isPartOf":{"@id":"https:\/\/hcd.munialvear.gov.ar\/?p=8725"},"author":{"name":"Honorable Concejo Deliberante","@id":"https:\/\/hcd.munialvear.gov.ar\/#\/schema\/person\/00946dc42b08eafacab2fb096957a2a0"},"headline":"ORDENANZA 2677\/2026","datePublished":"2026-04-28T14:45:45+00:00","dateModified":"2026-04-28T14:45:46+00:00","mainEntityOfPage":{"@id":"https:\/\/hcd.munialvear.gov.ar\/?p=8725"},"wordCount":1153,"publisher":{"@id":"https:\/\/hcd.munialvear.gov.ar\/#organization"},"articleSection":["Ordenanzas"],"inLanguage":"es-AR"},{"@type":"WebPage","@id":"https:\/\/hcd.munialvear.gov.ar\/?p=8725","url":"https:\/\/hcd.munialvear.gov.ar\/?p=8725","name":"ORDENANZA 2677\/2026 - Honorable Concejo Deliberante","isPartOf":{"@id":"https:\/\/hcd.munialvear.gov.ar\/#website"},"datePublished":"2026-04-28T14:45:45+00:00","dateModified":"2026-04-28T14:45:46+00:00","breadcrumb":{"@id":"https:\/\/hcd.munialvear.gov.ar\/?p=8725#breadcrumb"},"inLanguage":"es-AR","potentialAction":[{"@type":"ReadAction","target":["https:\/\/hcd.munialvear.gov.ar\/?p=8725"]}]},{"@type":"BreadcrumbList","@id":"https:\/\/hcd.munialvear.gov.ar\/?p=8725#breadcrumb","itemListElement":[{"@type":"ListItem","position":1,"name":"Inicio","item":"https:\/\/hcd.munialvear.gov.ar\/"},{"@type":"ListItem","position":2,"name":"ORDENANZA 2677\/2026"}]},{"@type":"WebSite","@id":"https:\/\/hcd.munialvear.gov.ar\/#website","url":"https:\/\/hcd.munialvear.gov.ar\/","name":"Honorable Concejo Deliberante","description":"Honorable Concejo Deliberante de General Alvear","publisher":{"@id":"https:\/\/hcd.munialvear.gov.ar\/#organization"},"potentialAction":[{"@type":"SearchAction","target":{"@type":"EntryPoint","urlTemplate":"https:\/\/hcd.munialvear.gov.ar\/?s={search_term_string}"},"query-input":{"@type":"PropertyValueSpecification","valueRequired":true,"valueName":"search_term_string"}}],"inLanguage":"es-AR"},{"@type":"Organization","@id":"https:\/\/hcd.munialvear.gov.ar\/#organization","name":"Honorable Concejo Deliberante","url":"https:\/\/hcd.munialvear.gov.ar\/","logo":{"@type":"ImageObject","inLanguage":"es-AR","@id":"https:\/\/hcd.munialvear.gov.ar\/#\/schema\/logo\/image\/","url":"https:\/\/hcd.munialvear.gov.ar\/wp-content\/uploads\/2026\/01\/cropped-logo-concejo-fond-blanco.png","contentUrl":"https:\/\/hcd.munialvear.gov.ar\/wp-content\/uploads\/2026\/01\/cropped-logo-concejo-fond-blanco.png","width":1691,"height":1136,"caption":"Honorable Concejo Deliberante"},"image":{"@id":"https:\/\/hcd.munialvear.gov.ar\/#\/schema\/logo\/image\/"},"sameAs":["https:\/\/www.facebook.com\/hcdalvearbaires"]},{"@type":"Person","@id":"https:\/\/hcd.munialvear.gov.ar\/#\/schema\/person\/00946dc42b08eafacab2fb096957a2a0","name":"Honorable Concejo Deliberante","image":{"@type":"ImageObject","inLanguage":"es-AR","@id":"https:\/\/hcd.munialvear.gov.ar\/#\/schema\/person\/image\/","url":"https:\/\/secure.gravatar.com\/avatar\/e9138322b013621f1806616595844a8f42d2a2345f32ab965dfa995e2b17ee25?s=96&d=mm&r=g","contentUrl":"https:\/\/secure.gravatar.com\/avatar\/e9138322b013621f1806616595844a8f42d2a2345f32ab965dfa995e2b17ee25?s=96&d=mm&r=g","caption":"Honorable Concejo Deliberante"},"url":"https:\/\/hcd.munialvear.gov.ar\/?author=2"}]}},"_links":{"self":[{"href":"https:\/\/hcd.munialvear.gov.ar\/index.php?rest_route=\/wp\/v2\/posts\/8725","targetHints":{"allow":["GET"]}}],"collection":[{"href":"https:\/\/hcd.munialvear.gov.ar\/index.php?rest_route=\/wp\/v2\/posts"}],"about":[{"href":"https:\/\/hcd.munialvear.gov.ar\/index.php?rest_route=\/wp\/v2\/types\/post"}],"author":[{"embeddable":true,"href":"https:\/\/hcd.munialvear.gov.ar\/index.php?rest_route=\/wp\/v2\/users\/2"}],"replies":[{"embeddable":true,"href":"https:\/\/hcd.munialvear.gov.ar\/index.php?rest_route=%2Fwp%2Fv2%2Fcomments&post=8725"}],"version-history":[{"count":1,"href":"https:\/\/hcd.munialvear.gov.ar\/index.php?rest_route=\/wp\/v2\/posts\/8725\/revisions"}],"predecessor-version":[{"id":8726,"href":"https:\/\/hcd.munialvear.gov.ar\/index.php?rest_route=\/wp\/v2\/posts\/8725\/revisions\/8726"}],"wp:attachment":[{"href":"https:\/\/hcd.munialvear.gov.ar\/index.php?rest_route=%2Fwp%2Fv2%2Fmedia&parent=8725"}],"wp:term":[{"taxonomy":"category","embeddable":true,"href":"https:\/\/hcd.munialvear.gov.ar\/index.php?rest_route=%2Fwp%2Fv2%2Fcategories&post=8725"},{"taxonomy":"post_tag","embeddable":true,"href":"https:\/\/hcd.munialvear.gov.ar\/index.php?rest_route=%2Fwp%2Fv2%2Ftags&post=8725"}],"curies":[{"name":"wp","href":"https:\/\/api.w.org\/{rel}","templated":true}]}}