{"id":8678,"date":"2026-03-12T08:22:06","date_gmt":"2026-03-12T11:22:06","guid":{"rendered":"https:\/\/hcd.munialvear.gov.ar\/?p=8678"},"modified":"2026-03-12T10:53:27","modified_gmt":"2026-03-12T13:53:27","slug":"resumen-de-la-primera-sesion-ordinaria-2026","status":"publish","type":"post","link":"https:\/\/hcd.munialvear.gov.ar\/?p=8678","title":{"rendered":"RESUMEN DE LA PRIMERA SESI\u00d3N ORDINARIA 2026"},"content":{"rendered":"\n<p><strong>RESUMEN DE LA PRIMERA SESI\u00d3N ORDINARIA 2026 REALIZADA EL D\u00cdA LUNES 9 DE MARZO EN LA SALA \u201cH\u00c9ROES DE MALVINAS\u201d DEL HONORABLE CONCEJO DELIBERANTE<\/strong><\/p>\n\n\n\n<ol class=\"wp-block-list\">\n<li>Acta 853\/2026 \u2013 Aprobada<\/li>\n\n\n\n<li>Correspondencia:<\/li>\n<\/ol>\n\n\n\n<p>&nbsp;&nbsp;&nbsp;&nbsp;&nbsp;&nbsp;&nbsp;&nbsp;&nbsp;&nbsp;&nbsp; Respuesta del Poder Ejecutivo \u2013 Se dio lectura<\/p>\n\n\n\n<p>&nbsp;&nbsp;&nbsp;&nbsp;&nbsp;&nbsp;&nbsp;&nbsp;&nbsp;&nbsp;&nbsp; Nota de Edea \u2013 Se dio lectura<\/p>\n\n\n\n<p>&nbsp;&nbsp; &nbsp;&nbsp;&nbsp;&nbsp;&nbsp;&nbsp;&nbsp;&nbsp; Nota y Proyecto vecino M. Yocco \u2013 Se dio lectura<\/p>\n\n\n\n<ul class=\"wp-block-list\">\n<li>Expte. Convenio entre Secretaria de Agricultura, Ganader\u00eda y Pesca del Ministerio de Econom\u00eda de Naci\u00f3n \u2013 <em>Aprobado<\/em><\/li>\n\n\n\n<li>Expte. Decreto importe acceso Natatorio Municipal \u2013 <em>Aprobado<\/em><\/li>\n\n\n\n<li>Expte. Autorizaci\u00f3n venta de terrenos del Banco de Tierras Municipal \u2013 <em>Pas\u00f3 al Concejo en Comisi\u00f3n<\/em><\/li>\n\n\n\n<li>Expte. Reglamentaci\u00f3n mantenimiento inmuebles, viviendas y terrenos bald\u00edos \u2013 <em>Pas\u00f3 al Concejo en Comisi\u00f3n<\/em><\/li>\n\n\n\n<li>Expte. Decreto declarando de inter\u00e9s Municipal y Comunitario Proyectos de la Direcci\u00f3n de Cultura para el 2026 \u2013 <em>Pas\u00f3 al Concejo en Comisi\u00f3n<\/em><\/li>\n\n\n\n<li>Expte. Comunicaci\u00f3n Subsidio del Ministerio de Desarrollo Agrario a la Municipalidad (entrega Pala Cargadora) \u2013 <em>Aprobado<\/em><\/li>\n\n\n\n<li>Expte. Contrato de locaci\u00f3n e\/Sra. Blanco Rosana M y Municipalidad (Residencia universitaria-pensi\u00f3n en la ciudad de Olavarr\u00eda) \u2013 <em>Aprobado<\/em><\/li>\n\n\n\n<li>Expte. Contrato de locaci\u00f3n e\/Sra. Garrido Silvia N y Municipalidad (Residencia universitaria- pensi\u00f3n en la ciudad de La Plata) \u2013 <em>Aprobado<\/em><\/li>\n\n\n\n<li>Resoluci\u00f3n Leyenda conmemorativa de los 50 a\u00f1os del golpe de Estado C\u00edvico Militar en documentaci\u00f3n oficial \u2013 <em>Aprobado<\/em><\/li>\n\n\n\n<li>Resoluci\u00f3n adhesi\u00f3n a solicitud del Centro de Di\u00e1lisis Saladillo, reclamo a IOMA actualizaci\u00f3n nomenclador \u2013 <em>Aprobado<\/em><\/li>\n<\/ul>\n\n\n\n<p>&nbsp;&nbsp;&nbsp;&nbsp;&nbsp;&nbsp;&nbsp;&nbsp;&nbsp;&nbsp;&nbsp;&nbsp;&nbsp;&nbsp;&nbsp;&nbsp;&nbsp;&nbsp;&nbsp;&nbsp;&nbsp;&nbsp;&nbsp;&nbsp;&nbsp;&nbsp;&nbsp;&nbsp;&nbsp;&nbsp;&nbsp;&nbsp;&nbsp;&nbsp;&nbsp;&nbsp;&nbsp;&nbsp;&nbsp;&nbsp;&nbsp;&nbsp;&nbsp;&nbsp;&nbsp;&nbsp;&nbsp; &nbsp;&nbsp;&nbsp;&nbsp;&nbsp;&nbsp;&nbsp;&nbsp;&nbsp;&nbsp;&nbsp;&nbsp;&nbsp;&nbsp;&nbsp;&nbsp;&nbsp;&nbsp;&nbsp;&nbsp;&nbsp;&nbsp;&nbsp;&nbsp;&nbsp;&nbsp;&nbsp;&nbsp;&nbsp;&nbsp;&nbsp;&nbsp;&nbsp;&nbsp;&nbsp;&nbsp;&nbsp;&nbsp;&nbsp;&nbsp;&nbsp;&nbsp;&nbsp;&nbsp;&nbsp;&nbsp;&nbsp;&nbsp;&nbsp;&nbsp;&nbsp;&nbsp;&nbsp;<\/p>\n\n\n\n<p><\/p>\n\n\n\n<p><\/p>\n\n\n\n<p class=\"has-text-align-center\">\u00a0             \u00a0Jos\u00e9 Alberto Alaniz<\/p>\n\n\n\n<p>&nbsp;&nbsp;&nbsp;&nbsp;&nbsp;&nbsp;&nbsp;&nbsp;&nbsp;&nbsp;&nbsp;&nbsp;&nbsp;&nbsp;&nbsp;&nbsp;&nbsp;&nbsp;&nbsp;&nbsp;&nbsp;&nbsp;&nbsp;&nbsp;&nbsp;&nbsp;&nbsp;&nbsp;&nbsp;&nbsp;&nbsp;&nbsp;&nbsp;&nbsp;&nbsp;&nbsp;&nbsp;&nbsp;&nbsp;&nbsp;&nbsp;&nbsp;&nbsp;&nbsp;&nbsp;&nbsp;&nbsp;&nbsp;&nbsp;&nbsp;&nbsp;&nbsp;&nbsp;&nbsp;&nbsp;&nbsp;&nbsp;&nbsp;&nbsp;&nbsp;&nbsp;&nbsp;&nbsp;&nbsp;&nbsp;&nbsp;&nbsp;&nbsp;&nbsp;&nbsp;&nbsp;&nbsp;&nbsp;&nbsp;&nbsp;&nbsp;&nbsp;&nbsp;&nbsp;&nbsp; Presidente HCD<\/p>\n\n\n\n<p>&nbsp;&nbsp;&nbsp;&nbsp;&nbsp;&nbsp;&nbsp;&nbsp;&nbsp;&nbsp;&nbsp;&nbsp;&nbsp;&nbsp;&nbsp;&nbsp;&nbsp;&nbsp;&nbsp;&nbsp;&nbsp;&nbsp;&nbsp;&nbsp;&nbsp;&nbsp;&nbsp;&nbsp;&nbsp;&nbsp;&nbsp;&nbsp;&nbsp;&nbsp;&nbsp;&nbsp;&nbsp;&nbsp;&nbsp;&nbsp;&nbsp;&nbsp;&nbsp;&nbsp;&nbsp;&nbsp;&nbsp;&nbsp;&nbsp;&nbsp;&nbsp;&nbsp;&nbsp;&nbsp;&nbsp;&nbsp;&nbsp;&nbsp; &nbsp;&nbsp;&nbsp;&nbsp;&nbsp;&nbsp;&nbsp;&nbsp;&nbsp;&nbsp;&nbsp;&nbsp;&nbsp;&nbsp;&nbsp;&nbsp;&nbsp;&nbsp;General Alvear (B.A.)<\/p>\n","protected":false},"excerpt":{"rendered":"<p>RESUMEN DE LA PRIMERA SESI\u00d3N ORDINARIA 2026 REALIZADA EL D\u00cdA LUNES 9 DE MARZO EN LA SALA \u201cH\u00c9ROES DE MALVINAS\u201d DEL HONORABLE CONCEJO DELIBERANTE &nbsp;&nbsp;&nbsp;&nbsp;&nbsp;&nbsp;&nbsp;&nbsp;&nbsp;&nbsp;&nbsp; Respuesta del Poder Ejecutivo \u2013 Se dio lectura &nbsp;&nbsp;&nbsp;&nbsp;&nbsp;&nbsp;&nbsp;&nbsp;&nbsp;&nbsp;&nbsp; Nota de Edea \u2013 Se dio lectura &nbsp;&nbsp; &nbsp;&nbsp;&nbsp;&nbsp;&nbsp;&nbsp;&nbsp;&nbsp; Nota y Proyecto vecino M. Yocco \u2013 [&hellip;]<\/p>\n","protected":false},"author":2,"featured_media":0,"comment_status":"closed","ping_status":"closed","sticky":false,"template":"","format":"standard","meta":{"footnotes":""},"categories":[24],"tags":[],"class_list":["post-8678","post","type-post","status-publish","format-standard","hentry","category-noticias"],"yoast_head":"<!-- This site is optimized with the Yoast SEO plugin v25.7 - https:\/\/yoast.com\/wordpress\/plugins\/seo\/ -->\n<title>RESUMEN DE LA PRIMERA SESI\u00d3N ORDINARIA 2026 - Honorable Concejo Deliberante<\/title>\n<meta name=\"robots\" content=\"index, follow, max-snippet:-1, max-image-preview:large, max-video-preview:-1\" \/>\n<link rel=\"canonical\" href=\"https:\/\/hcd.munialvear.gov.ar\/?p=8678\" \/>\n<meta property=\"og:locale\" content=\"es_ES\" \/>\n<meta property=\"og:type\" content=\"article\" \/>\n<meta property=\"og:title\" content=\"RESUMEN DE LA PRIMERA SESI\u00d3N ORDINARIA 2026 - Honorable Concejo Deliberante\" \/>\n<meta property=\"og:description\" content=\"RESUMEN DE LA PRIMERA SESI\u00d3N ORDINARIA 2026 REALIZADA EL D\u00cdA LUNES 9 DE MARZO EN LA SALA \u201cH\u00c9ROES DE MALVINAS\u201d DEL HONORABLE CONCEJO DELIBERANTE &nbsp;&nbsp;&nbsp;&nbsp;&nbsp;&nbsp;&nbsp;&nbsp;&nbsp;&nbsp;&nbsp; Respuesta del Poder Ejecutivo \u2013 Se dio lectura &nbsp;&nbsp;&nbsp;&nbsp;&nbsp;&nbsp;&nbsp;&nbsp;&nbsp;&nbsp;&nbsp; Nota de Edea \u2013 Se dio lectura &nbsp;&nbsp; &nbsp;&nbsp;&nbsp;&nbsp;&nbsp;&nbsp;&nbsp;&nbsp; Nota y Proyecto vecino M. Yocco \u2013 [&hellip;]\" \/>\n<meta property=\"og:url\" content=\"https:\/\/hcd.munialvear.gov.ar\/?p=8678\" \/>\n<meta property=\"og:site_name\" content=\"Honorable Concejo Deliberante\" \/>\n<meta property=\"article:publisher\" content=\"https:\/\/www.facebook.com\/hcdalvearbaires\" \/>\n<meta property=\"article:published_time\" content=\"2026-03-12T11:22:06+00:00\" \/>\n<meta property=\"article:modified_time\" content=\"2026-03-12T13:53:27+00:00\" \/>\n<meta name=\"author\" content=\"Honorable Concejo Deliberante\" \/>\n<meta name=\"twitter:card\" content=\"summary_large_image\" \/>\n<meta name=\"twitter:label1\" content=\"Escrito por\" \/>\n\t<meta name=\"twitter:data1\" content=\"Honorable Concejo Deliberante\" \/>\n\t<meta name=\"twitter:label2\" content=\"Tiempo de lectura\" \/>\n\t<meta name=\"twitter:data2\" content=\"1 minuto\" \/>\n<script type=\"application\/ld+json\" class=\"yoast-schema-graph\">{\"@context\":\"https:\/\/schema.org\",\"@graph\":[{\"@type\":\"Article\",\"@id\":\"https:\/\/hcd.munialvear.gov.ar\/?p=8678#article\",\"isPartOf\":{\"@id\":\"https:\/\/hcd.munialvear.gov.ar\/?p=8678\"},\"author\":{\"name\":\"Honorable Concejo Deliberante\",\"@id\":\"https:\/\/hcd.munialvear.gov.ar\/#\/schema\/person\/00946dc42b08eafacab2fb096957a2a0\"},\"headline\":\"RESUMEN DE LA PRIMERA SESI\u00d3N ORDINARIA 2026\",\"datePublished\":\"2026-03-12T11:22:06+00:00\",\"dateModified\":\"2026-03-12T13:53:27+00:00\",\"mainEntityOfPage\":{\"@id\":\"https:\/\/hcd.munialvear.gov.ar\/?p=8678\"},\"wordCount\":537,\"publisher\":{\"@id\":\"https:\/\/hcd.munialvear.gov.ar\/#organization\"},\"articleSection\":[\"Noticias\"],\"inLanguage\":\"es-AR\"},{\"@type\":\"WebPage\",\"@id\":\"https:\/\/hcd.munialvear.gov.ar\/?p=8678\",\"url\":\"https:\/\/hcd.munialvear.gov.ar\/?p=8678\",\"name\":\"RESUMEN DE LA PRIMERA SESI\u00d3N ORDINARIA 2026 - Honorable Concejo Deliberante\",\"isPartOf\":{\"@id\":\"https:\/\/hcd.munialvear.gov.ar\/#website\"},\"datePublished\":\"2026-03-12T11:22:06+00:00\",\"dateModified\":\"2026-03-12T13:53:27+00:00\",\"breadcrumb\":{\"@id\":\"https:\/\/hcd.munialvear.gov.ar\/?p=8678#breadcrumb\"},\"inLanguage\":\"es-AR\",\"potentialAction\":[{\"@type\":\"ReadAction\",\"target\":[\"https:\/\/hcd.munialvear.gov.ar\/?p=8678\"]}]},{\"@type\":\"BreadcrumbList\",\"@id\":\"https:\/\/hcd.munialvear.gov.ar\/?p=8678#breadcrumb\",\"itemListElement\":[{\"@type\":\"ListItem\",\"position\":1,\"name\":\"Inicio\",\"item\":\"https:\/\/hcd.munialvear.gov.ar\/\"},{\"@type\":\"ListItem\",\"position\":2,\"name\":\"RESUMEN DE LA PRIMERA SESI\u00d3N ORDINARIA 2026\"}]},{\"@type\":\"WebSite\",\"@id\":\"https:\/\/hcd.munialvear.gov.ar\/#website\",\"url\":\"https:\/\/hcd.munialvear.gov.ar\/\",\"name\":\"Honorable Concejo Deliberante\",\"description\":\"Honorable Concejo Deliberante de General Alvear\",\"publisher\":{\"@id\":\"https:\/\/hcd.munialvear.gov.ar\/#organization\"},\"potentialAction\":[{\"@type\":\"SearchAction\",\"target\":{\"@type\":\"EntryPoint\",\"urlTemplate\":\"https:\/\/hcd.munialvear.gov.ar\/?s={search_term_string}\"},\"query-input\":{\"@type\":\"PropertyValueSpecification\",\"valueRequired\":true,\"valueName\":\"search_term_string\"}}],\"inLanguage\":\"es-AR\"},{\"@type\":\"Organization\",\"@id\":\"https:\/\/hcd.munialvear.gov.ar\/#organization\",\"name\":\"Honorable Concejo Deliberante\",\"url\":\"https:\/\/hcd.munialvear.gov.ar\/\",\"logo\":{\"@type\":\"ImageObject\",\"inLanguage\":\"es-AR\",\"@id\":\"https:\/\/hcd.munialvear.gov.ar\/#\/schema\/logo\/image\/\",\"url\":\"https:\/\/hcd.munialvear.gov.ar\/wp-content\/uploads\/2026\/01\/cropped-logo-concejo-fond-blanco.png\",\"contentUrl\":\"https:\/\/hcd.munialvear.gov.ar\/wp-content\/uploads\/2026\/01\/cropped-logo-concejo-fond-blanco.png\",\"width\":1691,\"height\":1136,\"caption\":\"Honorable Concejo Deliberante\"},\"image\":{\"@id\":\"https:\/\/hcd.munialvear.gov.ar\/#\/schema\/logo\/image\/\"},\"sameAs\":[\"https:\/\/www.facebook.com\/hcdalvearbaires\"]},{\"@type\":\"Person\",\"@id\":\"https:\/\/hcd.munialvear.gov.ar\/#\/schema\/person\/00946dc42b08eafacab2fb096957a2a0\",\"name\":\"Honorable Concejo Deliberante\",\"image\":{\"@type\":\"ImageObject\",\"inLanguage\":\"es-AR\",\"@id\":\"https:\/\/hcd.munialvear.gov.ar\/#\/schema\/person\/image\/\",\"url\":\"https:\/\/secure.gravatar.com\/avatar\/e9138322b013621f1806616595844a8f42d2a2345f32ab965dfa995e2b17ee25?s=96&d=mm&r=g\",\"contentUrl\":\"https:\/\/secure.gravatar.com\/avatar\/e9138322b013621f1806616595844a8f42d2a2345f32ab965dfa995e2b17ee25?s=96&d=mm&r=g\",\"caption\":\"Honorable Concejo Deliberante\"},\"url\":\"https:\/\/hcd.munialvear.gov.ar\/?author=2\"}]}<\/script>\n<!-- \/ Yoast SEO plugin. -->","yoast_head_json":{"title":"RESUMEN DE LA PRIMERA SESI\u00d3N ORDINARIA 2026 - Honorable Concejo Deliberante","robots":{"index":"index","follow":"follow","max-snippet":"max-snippet:-1","max-image-preview":"max-image-preview:large","max-video-preview":"max-video-preview:-1"},"canonical":"https:\/\/hcd.munialvear.gov.ar\/?p=8678","og_locale":"es_ES","og_type":"article","og_title":"RESUMEN DE LA PRIMERA SESI\u00d3N ORDINARIA 2026 - Honorable Concejo Deliberante","og_description":"RESUMEN DE LA PRIMERA SESI\u00d3N ORDINARIA 2026 REALIZADA EL D\u00cdA LUNES 9 DE MARZO EN LA SALA \u201cH\u00c9ROES DE MALVINAS\u201d DEL HONORABLE CONCEJO DELIBERANTE &nbsp;&nbsp;&nbsp;&nbsp;&nbsp;&nbsp;&nbsp;&nbsp;&nbsp;&nbsp;&nbsp; Respuesta del Poder Ejecutivo \u2013 Se dio lectura &nbsp;&nbsp;&nbsp;&nbsp;&nbsp;&nbsp;&nbsp;&nbsp;&nbsp;&nbsp;&nbsp; Nota de Edea \u2013 Se dio lectura &nbsp;&nbsp; &nbsp;&nbsp;&nbsp;&nbsp;&nbsp;&nbsp;&nbsp;&nbsp; Nota y Proyecto vecino M. Yocco \u2013 [&hellip;]","og_url":"https:\/\/hcd.munialvear.gov.ar\/?p=8678","og_site_name":"Honorable Concejo Deliberante","article_publisher":"https:\/\/www.facebook.com\/hcdalvearbaires","article_published_time":"2026-03-12T11:22:06+00:00","article_modified_time":"2026-03-12T13:53:27+00:00","author":"Honorable Concejo Deliberante","twitter_card":"summary_large_image","twitter_misc":{"Escrito por":"Honorable Concejo Deliberante","Tiempo de lectura":"1 minuto"},"schema":{"@context":"https:\/\/schema.org","@graph":[{"@type":"Article","@id":"https:\/\/hcd.munialvear.gov.ar\/?p=8678#article","isPartOf":{"@id":"https:\/\/hcd.munialvear.gov.ar\/?p=8678"},"author":{"name":"Honorable Concejo Deliberante","@id":"https:\/\/hcd.munialvear.gov.ar\/#\/schema\/person\/00946dc42b08eafacab2fb096957a2a0"},"headline":"RESUMEN DE LA PRIMERA SESI\u00d3N ORDINARIA 2026","datePublished":"2026-03-12T11:22:06+00:00","dateModified":"2026-03-12T13:53:27+00:00","mainEntityOfPage":{"@id":"https:\/\/hcd.munialvear.gov.ar\/?p=8678"},"wordCount":537,"publisher":{"@id":"https:\/\/hcd.munialvear.gov.ar\/#organization"},"articleSection":["Noticias"],"inLanguage":"es-AR"},{"@type":"WebPage","@id":"https:\/\/hcd.munialvear.gov.ar\/?p=8678","url":"https:\/\/hcd.munialvear.gov.ar\/?p=8678","name":"RESUMEN DE LA PRIMERA SESI\u00d3N ORDINARIA 2026 - Honorable Concejo Deliberante","isPartOf":{"@id":"https:\/\/hcd.munialvear.gov.ar\/#website"},"datePublished":"2026-03-12T11:22:06+00:00","dateModified":"2026-03-12T13:53:27+00:00","breadcrumb":{"@id":"https:\/\/hcd.munialvear.gov.ar\/?p=8678#breadcrumb"},"inLanguage":"es-AR","potentialAction":[{"@type":"ReadAction","target":["https:\/\/hcd.munialvear.gov.ar\/?p=8678"]}]},{"@type":"BreadcrumbList","@id":"https:\/\/hcd.munialvear.gov.ar\/?p=8678#breadcrumb","itemListElement":[{"@type":"ListItem","position":1,"name":"Inicio","item":"https:\/\/hcd.munialvear.gov.ar\/"},{"@type":"ListItem","position":2,"name":"RESUMEN DE LA PRIMERA SESI\u00d3N ORDINARIA 2026"}]},{"@type":"WebSite","@id":"https:\/\/hcd.munialvear.gov.ar\/#website","url":"https:\/\/hcd.munialvear.gov.ar\/","name":"Honorable Concejo Deliberante","description":"Honorable Concejo Deliberante de General Alvear","publisher":{"@id":"https:\/\/hcd.munialvear.gov.ar\/#organization"},"potentialAction":[{"@type":"SearchAction","target":{"@type":"EntryPoint","urlTemplate":"https:\/\/hcd.munialvear.gov.ar\/?s={search_term_string}"},"query-input":{"@type":"PropertyValueSpecification","valueRequired":true,"valueName":"search_term_string"}}],"inLanguage":"es-AR"},{"@type":"Organization","@id":"https:\/\/hcd.munialvear.gov.ar\/#organization","name":"Honorable Concejo Deliberante","url":"https:\/\/hcd.munialvear.gov.ar\/","logo":{"@type":"ImageObject","inLanguage":"es-AR","@id":"https:\/\/hcd.munialvear.gov.ar\/#\/schema\/logo\/image\/","url":"https:\/\/hcd.munialvear.gov.ar\/wp-content\/uploads\/2026\/01\/cropped-logo-concejo-fond-blanco.png","contentUrl":"https:\/\/hcd.munialvear.gov.ar\/wp-content\/uploads\/2026\/01\/cropped-logo-concejo-fond-blanco.png","width":1691,"height":1136,"caption":"Honorable Concejo Deliberante"},"image":{"@id":"https:\/\/hcd.munialvear.gov.ar\/#\/schema\/logo\/image\/"},"sameAs":["https:\/\/www.facebook.com\/hcdalvearbaires"]},{"@type":"Person","@id":"https:\/\/hcd.munialvear.gov.ar\/#\/schema\/person\/00946dc42b08eafacab2fb096957a2a0","name":"Honorable Concejo Deliberante","image":{"@type":"ImageObject","inLanguage":"es-AR","@id":"https:\/\/hcd.munialvear.gov.ar\/#\/schema\/person\/image\/","url":"https:\/\/secure.gravatar.com\/avatar\/e9138322b013621f1806616595844a8f42d2a2345f32ab965dfa995e2b17ee25?s=96&d=mm&r=g","contentUrl":"https:\/\/secure.gravatar.com\/avatar\/e9138322b013621f1806616595844a8f42d2a2345f32ab965dfa995e2b17ee25?s=96&d=mm&r=g","caption":"Honorable Concejo Deliberante"},"url":"https:\/\/hcd.munialvear.gov.ar\/?author=2"}]}},"_links":{"self":[{"href":"https:\/\/hcd.munialvear.gov.ar\/index.php?rest_route=\/wp\/v2\/posts\/8678","targetHints":{"allow":["GET"]}}],"collection":[{"href":"https:\/\/hcd.munialvear.gov.ar\/index.php?rest_route=\/wp\/v2\/posts"}],"about":[{"href":"https:\/\/hcd.munialvear.gov.ar\/index.php?rest_route=\/wp\/v2\/types\/post"}],"author":[{"embeddable":true,"href":"https:\/\/hcd.munialvear.gov.ar\/index.php?rest_route=\/wp\/v2\/users\/2"}],"replies":[{"embeddable":true,"href":"https:\/\/hcd.munialvear.gov.ar\/index.php?rest_route=%2Fwp%2Fv2%2Fcomments&post=8678"}],"version-history":[{"count":2,"href":"https:\/\/hcd.munialvear.gov.ar\/index.php?rest_route=\/wp\/v2\/posts\/8678\/revisions"}],"predecessor-version":[{"id":8680,"href":"https:\/\/hcd.munialvear.gov.ar\/index.php?rest_route=\/wp\/v2\/posts\/8678\/revisions\/8680"}],"wp:attachment":[{"href":"https:\/\/hcd.munialvear.gov.ar\/index.php?rest_route=%2Fwp%2Fv2%2Fmedia&parent=8678"}],"wp:term":[{"taxonomy":"category","embeddable":true,"href":"https:\/\/hcd.munialvear.gov.ar\/index.php?rest_route=%2Fwp%2Fv2%2Fcategories&post=8678"},{"taxonomy":"post_tag","embeddable":true,"href":"https:\/\/hcd.munialvear.gov.ar\/index.php?rest_route=%2Fwp%2Fv2%2Ftags&post=8678"}],"curies":[{"name":"wp","href":"https:\/\/api.w.org\/{rel}","templated":true}]}}