{"id":8281,"date":"2025-12-11T08:08:53","date_gmt":"2025-12-11T11:08:53","guid":{"rendered":"https:\/\/hcd.munialvear.gov.ar\/?p=8281"},"modified":"2025-12-11T08:08:54","modified_gmt":"2025-12-11T11:08:54","slug":"ordenanza-no-2659-2025","status":"publish","type":"post","link":"https:\/\/hcd.munialvear.gov.ar\/?p=8281","title":{"rendered":"ORDENANZA N\u00ba 2659\/2025"},"content":{"rendered":"\n<p><strong><u>Art\u00edculo 1\u00b0<\/u><\/strong>:Modif\u00edquese el art\u00edculo 1 de la Ordenanza 1955\/2015, el que quedar\u00e1 redactado de la siguiente manera:<\/p>\n\n\n\n<p><strong><em>Art\u00edculo 1<\/em><\/strong><em>: Cr\u00e9ase el Concejo Municipal de Discapacitado del Partido de General Alvear, que estar\u00e1 integrado de la siguiente manera:<\/em><\/p>\n\n\n\n<ul class=\"wp-block-list\">\n<li><em>1 representante del Poder Ejecutivo que ejercer\u00e1 la presidencia<\/em><\/li>\n\n\n\n<li><em>1 representante del HCD<\/em><\/li>\n\n\n\n<li><em>1 representante de la Direcci\u00f3n de Desarrollo Social Municipal<\/em><\/li>\n\n\n\n<li><em>1 representante de la Secretar\u00eda de Salud<\/em><\/li>\n\n\n\n<li><em>1 representante de Instituciones que trabajen con personas con discapacidad<\/em><\/li>\n\n\n\n<li><em>1 Asistente Social designado por el Departamento Ejecutivo.<\/em><\/li>\n<\/ul>\n\n\n\n<p><strong><u>Art\u00edculo 2\u00b0:<\/u><\/strong>Modif\u00edquese el art\u00edculo 2 de la Ordenanza 1955\/2015, el que quedar\u00e1 redactado de la siguiente manera:&nbsp;<\/p>\n\n\n\n<p><strong><em>Art\u00edculo 2<\/em><\/strong><em>: A los efectos de la presente Ordenanza, se considera persona con discapacidad, a aquella que presenta deficiencias f\u00edsicas, mentales, intelectuales o sensoriales que, al interactuar con diversas barreras del entorno, pueden impedir su plena y efectiva participaci\u00f3n en la sociedad en igualdad de condiciones.<\/em><\/p>\n\n\n\n<p><strong><u>Art\u00edculo 3\u00b0:<\/u><\/strong>Modif\u00edquese el art\u00edculo 3 de la Ordenanza 1955\/2015, el que quedar\u00e1 redactado de la siguiente manera:&nbsp;<\/p>\n\n\n\n<p><strong><em>Art\u00edculo 3<\/em><\/strong><em>: Ser\u00e1n funciones del Consejo Municipal del Discapacitado:<\/em><\/p>\n\n\n\n<ul class=\"wp-block-list\">\n<li><em>Asesorar al Departamento Ejecutivo, en las propuestas para la implementaci\u00f3n de pol\u00edticas relativas a la atenci\u00f3n, promoci\u00f3n y equiparaci\u00f3n de oportunidades de personas con discapacidad en el \u00e1mbito del Partido de General Alvear.<\/em><\/li>\n\n\n\n<li><em>Proponer al Departamento Ejecutivo planes, programas y acciones para el sector en cuesti\u00f3n.<\/em><\/li>\n\n\n\n<li><em>Orientar al Departamento Ejecutivo en la elaboraci\u00f3n de estad\u00edsticas y registro de las personas con discapacidad.<\/em><\/li>\n<\/ul>\n\n\n\n<ul class=\"wp-block-list\">\n<li><em>Elaborar diagn\u00f3sticos locales, procurando la detecci\u00f3n de aquellas personas discapacitadas que necesiten atenci\u00f3n social, a fin de procurar su inserci\u00f3n social en los recursos comunitarios existentes para su integraci\u00f3n comunitaria.<\/em><\/li>\n\n\n\n<li><em>Promover la toma de conciencia comunitaria acerca de la discapacidad y sus potenciales, mediante las normas de difusi\u00f3n que se crean oportunas.<\/em><\/li>\n\n\n\n<li><em>Establecer mecanismos y criterios de coordinaci\u00f3n entre las instituciones del Partido.<\/em><\/li>\n\n\n\n<li><em>Impulsar la eliminaci\u00f3n de barreras f\u00edsicas en cumplimiento de la Ley 24.314 (Accesibilidad de personas con movilidad reducida) &#8211; Brindar atenci\u00f3n y asesoramiento para tr\u00e1mites legales, sociales, comunitarios etc..<\/em><\/li>\n<\/ul>\n\n\n\n<p><strong><u>Art\u00edculo 4\u00b0:<\/u><\/strong> Modif\u00edquese el art\u00edculo 5 de la Ordenanza 1955\/2015, el que quedar\u00e1 redactado de la siguiente manera:&nbsp;<\/p>\n\n\n\n<p><strong><em>Art\u00edculo 5:<\/em><\/strong><em>El Consejo se renovar\u00e1 cada dos a\u00f1os. Los cargos del Poder Ejecutivo deber\u00e1n cesar si se modifica, en la Planta, el lugar que ocupa el integrante del Consejo.<\/em><\/p>\n\n\n\n<p><strong><u>Art\u00edculo 5\u00b0:<\/u><\/strong>Der\u00f3gase el art\u00edculo 6a Ordenanza 1955\/2015, el que a partir de la sanci\u00f3n de la presente quedar\u00e1 sin efecto.<\/p>\n\n\n\n<p><strong><u>Art\u00edculo 6\u00b0<\/u><\/strong>: Modif\u00edquese el art\u00edculo 8 de la Ordenanza 1955\/2015, el que quedar\u00e1 redactado de la siguiente manera:&nbsp;<\/p>\n\n\n\n<p><strong><em>Art\u00edculo 8<\/em><\/strong><em>: El Consejo Municipal del Discapacitado elevar\u00e1 informe al Departamento Ejecutivo y al Honorable Concejo Deliberante, cuando \u00e9stos lo requieran. A los efectos de la presente Ordenanza, las reuniones que celebre el Consejo ser\u00e1n en las instalaciones de la Municipalidad de General Alvear o del Honorable Concejo Deliberante, previa solicitud a tal fin.<\/em><\/p>\n\n\n\n<p><strong><u>Art\u00edculo 7\u00b0:<\/u><\/strong> Comun\u00edquese, C\u00famplase, Reg\u00edstrese y Arch\u00edvese.-<\/p>\n\n\n\n<pre class=\"wp-block-preformatted\">&nbsp;<\/pre>\n\n\n\n<pre class=\"wp-block-preformatted\">Dada en la&nbsp; Sala de Sesiones del Honorable Concejo Deliberante \u201cH\u00e9roes de Malvinas\u201d, en Sesi\u00f3n Ordinaria a los diecisiete d\u00edas del mes de Noviembre de 2025. <\/pre>\n\n\n\n<pre class=\"wp-block-preformatted\"><strong><em>&nbsp;<\/em><\/strong><\/pre>\n\n\n\n<pre class=\"wp-block-preformatted\"><strong><em>Aprobada por Unanimidad.<\/em><\/strong><\/pre>\n\n\n\n<pre class=\"wp-block-preformatted\"><strong><em>&nbsp;<\/em><\/strong><\/pre>\n\n\n\n<pre class=\"wp-block-preformatted\">&nbsp;<\/pre>\n\n\n\n<pre class=\"wp-block-preformatted\">&nbsp;<\/pre>\n\n\n\n<pre class=\"wp-block-preformatted\">&nbsp;<\/pre>\n\n\n\n<pre class=\"wp-block-preformatted\"><strong>&nbsp;<\/strong><\/pre>\n\n\n\n<pre class=\"wp-block-preformatted\"><strong> Diego Andr\u00e9s Garaventa&nbsp;&nbsp;&nbsp;&nbsp;&nbsp;&nbsp;&nbsp;&nbsp;&nbsp;&nbsp;&nbsp;&nbsp;&nbsp;&nbsp;&nbsp;&nbsp;&nbsp;&nbsp;&nbsp;&nbsp;&nbsp;&nbsp;&nbsp;&nbsp;&nbsp;&nbsp;&nbsp;&nbsp;&nbsp;&nbsp;&nbsp;&nbsp;&nbsp;&nbsp;&nbsp;&nbsp;&nbsp;&nbsp;&nbsp;&nbsp;&nbsp;&nbsp;&nbsp;&nbsp;&nbsp; Julio Fabrizio Criado<\/strong><\/pre>\n\n\n\n<pre class=\"wp-block-preformatted\"><strong>Secretario Legislativo H.C.D.&nbsp;&nbsp;&nbsp;&nbsp;&nbsp;&nbsp;&nbsp;&nbsp;&nbsp;&nbsp;&nbsp;&nbsp;&nbsp;&nbsp;&nbsp;&nbsp;&nbsp;&nbsp;&nbsp;&nbsp;&nbsp;&nbsp;&nbsp;&nbsp;&nbsp;&nbsp;&nbsp;&nbsp;&nbsp;&nbsp;&nbsp;&nbsp;&nbsp;&nbsp;&nbsp;&nbsp;&nbsp;&nbsp;&nbsp;&nbsp;&nbsp;&nbsp; Presidente H.C.D.<\/strong><\/pre>\n\n\n\n<pre class=\"wp-block-preformatted\"><strong>&nbsp;&nbsp; General Alvear (B.A.)&nbsp;&nbsp;&nbsp;&nbsp;&nbsp;&nbsp;&nbsp;&nbsp;&nbsp;&nbsp;&nbsp;&nbsp;&nbsp;&nbsp;&nbsp;&nbsp;&nbsp;&nbsp;&nbsp;&nbsp;&nbsp;&nbsp;&nbsp;&nbsp;&nbsp;&nbsp;&nbsp;&nbsp;&nbsp;&nbsp;&nbsp;&nbsp;&nbsp;&nbsp;&nbsp;&nbsp;&nbsp;&nbsp;&nbsp;&nbsp;&nbsp;&nbsp;&nbsp;&nbsp;&nbsp;&nbsp;&nbsp;&nbsp; General Alvear (B.A.)<\/strong><\/pre>\n","protected":false},"excerpt":{"rendered":"<p>Art\u00edculo 1\u00b0:Modif\u00edquese el art\u00edculo 1 de la Ordenanza 1955\/2015, el que quedar\u00e1 redactado de la siguiente manera: Art\u00edculo 1: Cr\u00e9ase el Concejo Municipal de Discapacitado del Partido de General Alvear, que estar\u00e1 integrado de la siguiente manera: Art\u00edculo 2\u00b0:Modif\u00edquese el art\u00edculo 2 de la Ordenanza 1955\/2015, el que quedar\u00e1 redactado [&hellip;]<\/p>\n","protected":false},"author":2,"featured_media":0,"comment_status":"closed","ping_status":"closed","sticky":false,"template":"","format":"standard","meta":{"footnotes":""},"categories":[10],"tags":[],"class_list":["post-8281","post","type-post","status-publish","format-standard","hentry","category-ordenanzas"],"yoast_head":"<!-- This site is optimized with the Yoast SEO plugin v25.7 - https:\/\/yoast.com\/wordpress\/plugins\/seo\/ -->\n<title>ORDENANZA N\u00ba 2659\/2025 - Honorable Concejo Deliberante<\/title>\n<meta name=\"robots\" content=\"index, follow, max-snippet:-1, max-image-preview:large, max-video-preview:-1\" \/>\n<link rel=\"canonical\" href=\"https:\/\/hcd.munialvear.gov.ar\/?p=8281\" \/>\n<meta property=\"og:locale\" content=\"es_ES\" \/>\n<meta property=\"og:type\" content=\"article\" \/>\n<meta property=\"og:title\" content=\"ORDENANZA N\u00ba 2659\/2025 - Honorable Concejo Deliberante\" \/>\n<meta property=\"og:description\" content=\"Art\u00edculo 1\u00b0:Modif\u00edquese el art\u00edculo 1 de la Ordenanza 1955\/2015, el que quedar\u00e1 redactado de la siguiente manera: Art\u00edculo 1: Cr\u00e9ase el Concejo Municipal de Discapacitado del Partido de General Alvear, que estar\u00e1 integrado de la siguiente manera: Art\u00edculo 2\u00b0:Modif\u00edquese el art\u00edculo 2 de la Ordenanza 1955\/2015, el que quedar\u00e1 redactado [&hellip;]\" \/>\n<meta property=\"og:url\" content=\"https:\/\/hcd.munialvear.gov.ar\/?p=8281\" \/>\n<meta property=\"og:site_name\" content=\"Honorable Concejo Deliberante\" \/>\n<meta property=\"article:publisher\" content=\"https:\/\/www.facebook.com\/hcdalvearbaires\" \/>\n<meta property=\"article:published_time\" content=\"2025-12-11T11:08:53+00:00\" \/>\n<meta property=\"article:modified_time\" content=\"2025-12-11T11:08:54+00:00\" \/>\n<meta name=\"author\" content=\"Honorable Concejo Deliberante\" \/>\n<meta name=\"twitter:card\" content=\"summary_large_image\" \/>\n<meta name=\"twitter:label1\" content=\"Escrito por\" \/>\n\t<meta name=\"twitter:data1\" content=\"Honorable Concejo Deliberante\" \/>\n\t<meta name=\"twitter:label2\" content=\"Tiempo de lectura\" \/>\n\t<meta name=\"twitter:data2\" content=\"3 minutos\" \/>\n<script type=\"application\/ld+json\" class=\"yoast-schema-graph\">{\"@context\":\"https:\/\/schema.org\",\"@graph\":[{\"@type\":\"Article\",\"@id\":\"https:\/\/hcd.munialvear.gov.ar\/?p=8281#article\",\"isPartOf\":{\"@id\":\"https:\/\/hcd.munialvear.gov.ar\/?p=8281\"},\"author\":{\"name\":\"Honorable Concejo Deliberante\",\"@id\":\"https:\/\/hcd.munialvear.gov.ar\/#\/schema\/person\/00946dc42b08eafacab2fb096957a2a0\"},\"headline\":\"ORDENANZA N\u00ba 2659\/2025\",\"datePublished\":\"2025-12-11T11:08:53+00:00\",\"dateModified\":\"2025-12-11T11:08:54+00:00\",\"mainEntityOfPage\":{\"@id\":\"https:\/\/hcd.munialvear.gov.ar\/?p=8281\"},\"wordCount\":511,\"publisher\":{\"@id\":\"https:\/\/hcd.munialvear.gov.ar\/#organization\"},\"articleSection\":[\"Ordenanzas\"],\"inLanguage\":\"es-AR\"},{\"@type\":\"WebPage\",\"@id\":\"https:\/\/hcd.munialvear.gov.ar\/?p=8281\",\"url\":\"https:\/\/hcd.munialvear.gov.ar\/?p=8281\",\"name\":\"ORDENANZA N\u00ba 2659\/2025 - Honorable Concejo Deliberante\",\"isPartOf\":{\"@id\":\"https:\/\/hcd.munialvear.gov.ar\/#website\"},\"datePublished\":\"2025-12-11T11:08:53+00:00\",\"dateModified\":\"2025-12-11T11:08:54+00:00\",\"breadcrumb\":{\"@id\":\"https:\/\/hcd.munialvear.gov.ar\/?p=8281#breadcrumb\"},\"inLanguage\":\"es-AR\",\"potentialAction\":[{\"@type\":\"ReadAction\",\"target\":[\"https:\/\/hcd.munialvear.gov.ar\/?p=8281\"]}]},{\"@type\":\"BreadcrumbList\",\"@id\":\"https:\/\/hcd.munialvear.gov.ar\/?p=8281#breadcrumb\",\"itemListElement\":[{\"@type\":\"ListItem\",\"position\":1,\"name\":\"Inicio\",\"item\":\"https:\/\/hcd.munialvear.gov.ar\/\"},{\"@type\":\"ListItem\",\"position\":2,\"name\":\"ORDENANZA N\u00ba 2659\/2025\"}]},{\"@type\":\"WebSite\",\"@id\":\"https:\/\/hcd.munialvear.gov.ar\/#website\",\"url\":\"https:\/\/hcd.munialvear.gov.ar\/\",\"name\":\"Honorable Concejo Deliberante\",\"description\":\"Honorable Concejo Deliberante de General Alvear\",\"publisher\":{\"@id\":\"https:\/\/hcd.munialvear.gov.ar\/#organization\"},\"potentialAction\":[{\"@type\":\"SearchAction\",\"target\":{\"@type\":\"EntryPoint\",\"urlTemplate\":\"https:\/\/hcd.munialvear.gov.ar\/?s={search_term_string}\"},\"query-input\":{\"@type\":\"PropertyValueSpecification\",\"valueRequired\":true,\"valueName\":\"search_term_string\"}}],\"inLanguage\":\"es-AR\"},{\"@type\":\"Organization\",\"@id\":\"https:\/\/hcd.munialvear.gov.ar\/#organization\",\"name\":\"Honorable Concejo Deliberante\",\"url\":\"https:\/\/hcd.munialvear.gov.ar\/\",\"logo\":{\"@type\":\"ImageObject\",\"inLanguage\":\"es-AR\",\"@id\":\"https:\/\/hcd.munialvear.gov.ar\/#\/schema\/logo\/image\/\",\"url\":\"https:\/\/hcd.munialvear.gov.ar\/wp-content\/uploads\/2026\/01\/cropped-logo-concejo-fond-blanco.png\",\"contentUrl\":\"https:\/\/hcd.munialvear.gov.ar\/wp-content\/uploads\/2026\/01\/cropped-logo-concejo-fond-blanco.png\",\"width\":1691,\"height\":1136,\"caption\":\"Honorable Concejo Deliberante\"},\"image\":{\"@id\":\"https:\/\/hcd.munialvear.gov.ar\/#\/schema\/logo\/image\/\"},\"sameAs\":[\"https:\/\/www.facebook.com\/hcdalvearbaires\"]},{\"@type\":\"Person\",\"@id\":\"https:\/\/hcd.munialvear.gov.ar\/#\/schema\/person\/00946dc42b08eafacab2fb096957a2a0\",\"name\":\"Honorable Concejo Deliberante\",\"image\":{\"@type\":\"ImageObject\",\"inLanguage\":\"es-AR\",\"@id\":\"https:\/\/hcd.munialvear.gov.ar\/#\/schema\/person\/image\/\",\"url\":\"https:\/\/secure.gravatar.com\/avatar\/e9138322b013621f1806616595844a8f42d2a2345f32ab965dfa995e2b17ee25?s=96&d=mm&r=g\",\"contentUrl\":\"https:\/\/secure.gravatar.com\/avatar\/e9138322b013621f1806616595844a8f42d2a2345f32ab965dfa995e2b17ee25?s=96&d=mm&r=g\",\"caption\":\"Honorable Concejo Deliberante\"},\"url\":\"https:\/\/hcd.munialvear.gov.ar\/?author=2\"}]}<\/script>\n<!-- \/ Yoast SEO plugin. -->","yoast_head_json":{"title":"ORDENANZA N\u00ba 2659\/2025 - Honorable Concejo Deliberante","robots":{"index":"index","follow":"follow","max-snippet":"max-snippet:-1","max-image-preview":"max-image-preview:large","max-video-preview":"max-video-preview:-1"},"canonical":"https:\/\/hcd.munialvear.gov.ar\/?p=8281","og_locale":"es_ES","og_type":"article","og_title":"ORDENANZA N\u00ba 2659\/2025 - Honorable Concejo Deliberante","og_description":"Art\u00edculo 1\u00b0:Modif\u00edquese el art\u00edculo 1 de la Ordenanza 1955\/2015, el que quedar\u00e1 redactado de la siguiente manera: Art\u00edculo 1: Cr\u00e9ase el Concejo Municipal de Discapacitado del Partido de General Alvear, que estar\u00e1 integrado de la siguiente manera: Art\u00edculo 2\u00b0:Modif\u00edquese el art\u00edculo 2 de la Ordenanza 1955\/2015, el que quedar\u00e1 redactado [&hellip;]","og_url":"https:\/\/hcd.munialvear.gov.ar\/?p=8281","og_site_name":"Honorable Concejo Deliberante","article_publisher":"https:\/\/www.facebook.com\/hcdalvearbaires","article_published_time":"2025-12-11T11:08:53+00:00","article_modified_time":"2025-12-11T11:08:54+00:00","author":"Honorable Concejo Deliberante","twitter_card":"summary_large_image","twitter_misc":{"Escrito por":"Honorable Concejo Deliberante","Tiempo de lectura":"3 minutos"},"schema":{"@context":"https:\/\/schema.org","@graph":[{"@type":"Article","@id":"https:\/\/hcd.munialvear.gov.ar\/?p=8281#article","isPartOf":{"@id":"https:\/\/hcd.munialvear.gov.ar\/?p=8281"},"author":{"name":"Honorable Concejo Deliberante","@id":"https:\/\/hcd.munialvear.gov.ar\/#\/schema\/person\/00946dc42b08eafacab2fb096957a2a0"},"headline":"ORDENANZA N\u00ba 2659\/2025","datePublished":"2025-12-11T11:08:53+00:00","dateModified":"2025-12-11T11:08:54+00:00","mainEntityOfPage":{"@id":"https:\/\/hcd.munialvear.gov.ar\/?p=8281"},"wordCount":511,"publisher":{"@id":"https:\/\/hcd.munialvear.gov.ar\/#organization"},"articleSection":["Ordenanzas"],"inLanguage":"es-AR"},{"@type":"WebPage","@id":"https:\/\/hcd.munialvear.gov.ar\/?p=8281","url":"https:\/\/hcd.munialvear.gov.ar\/?p=8281","name":"ORDENANZA N\u00ba 2659\/2025 - Honorable Concejo Deliberante","isPartOf":{"@id":"https:\/\/hcd.munialvear.gov.ar\/#website"},"datePublished":"2025-12-11T11:08:53+00:00","dateModified":"2025-12-11T11:08:54+00:00","breadcrumb":{"@id":"https:\/\/hcd.munialvear.gov.ar\/?p=8281#breadcrumb"},"inLanguage":"es-AR","potentialAction":[{"@type":"ReadAction","target":["https:\/\/hcd.munialvear.gov.ar\/?p=8281"]}]},{"@type":"BreadcrumbList","@id":"https:\/\/hcd.munialvear.gov.ar\/?p=8281#breadcrumb","itemListElement":[{"@type":"ListItem","position":1,"name":"Inicio","item":"https:\/\/hcd.munialvear.gov.ar\/"},{"@type":"ListItem","position":2,"name":"ORDENANZA N\u00ba 2659\/2025"}]},{"@type":"WebSite","@id":"https:\/\/hcd.munialvear.gov.ar\/#website","url":"https:\/\/hcd.munialvear.gov.ar\/","name":"Honorable Concejo Deliberante","description":"Honorable Concejo Deliberante de General Alvear","publisher":{"@id":"https:\/\/hcd.munialvear.gov.ar\/#organization"},"potentialAction":[{"@type":"SearchAction","target":{"@type":"EntryPoint","urlTemplate":"https:\/\/hcd.munialvear.gov.ar\/?s={search_term_string}"},"query-input":{"@type":"PropertyValueSpecification","valueRequired":true,"valueName":"search_term_string"}}],"inLanguage":"es-AR"},{"@type":"Organization","@id":"https:\/\/hcd.munialvear.gov.ar\/#organization","name":"Honorable Concejo Deliberante","url":"https:\/\/hcd.munialvear.gov.ar\/","logo":{"@type":"ImageObject","inLanguage":"es-AR","@id":"https:\/\/hcd.munialvear.gov.ar\/#\/schema\/logo\/image\/","url":"https:\/\/hcd.munialvear.gov.ar\/wp-content\/uploads\/2026\/01\/cropped-logo-concejo-fond-blanco.png","contentUrl":"https:\/\/hcd.munialvear.gov.ar\/wp-content\/uploads\/2026\/01\/cropped-logo-concejo-fond-blanco.png","width":1691,"height":1136,"caption":"Honorable Concejo Deliberante"},"image":{"@id":"https:\/\/hcd.munialvear.gov.ar\/#\/schema\/logo\/image\/"},"sameAs":["https:\/\/www.facebook.com\/hcdalvearbaires"]},{"@type":"Person","@id":"https:\/\/hcd.munialvear.gov.ar\/#\/schema\/person\/00946dc42b08eafacab2fb096957a2a0","name":"Honorable Concejo Deliberante","image":{"@type":"ImageObject","inLanguage":"es-AR","@id":"https:\/\/hcd.munialvear.gov.ar\/#\/schema\/person\/image\/","url":"https:\/\/secure.gravatar.com\/avatar\/e9138322b013621f1806616595844a8f42d2a2345f32ab965dfa995e2b17ee25?s=96&d=mm&r=g","contentUrl":"https:\/\/secure.gravatar.com\/avatar\/e9138322b013621f1806616595844a8f42d2a2345f32ab965dfa995e2b17ee25?s=96&d=mm&r=g","caption":"Honorable Concejo Deliberante"},"url":"https:\/\/hcd.munialvear.gov.ar\/?author=2"}]}},"_links":{"self":[{"href":"https:\/\/hcd.munialvear.gov.ar\/index.php?rest_route=\/wp\/v2\/posts\/8281","targetHints":{"allow":["GET"]}}],"collection":[{"href":"https:\/\/hcd.munialvear.gov.ar\/index.php?rest_route=\/wp\/v2\/posts"}],"about":[{"href":"https:\/\/hcd.munialvear.gov.ar\/index.php?rest_route=\/wp\/v2\/types\/post"}],"author":[{"embeddable":true,"href":"https:\/\/hcd.munialvear.gov.ar\/index.php?rest_route=\/wp\/v2\/users\/2"}],"replies":[{"embeddable":true,"href":"https:\/\/hcd.munialvear.gov.ar\/index.php?rest_route=%2Fwp%2Fv2%2Fcomments&post=8281"}],"version-history":[{"count":1,"href":"https:\/\/hcd.munialvear.gov.ar\/index.php?rest_route=\/wp\/v2\/posts\/8281\/revisions"}],"predecessor-version":[{"id":8282,"href":"https:\/\/hcd.munialvear.gov.ar\/index.php?rest_route=\/wp\/v2\/posts\/8281\/revisions\/8282"}],"wp:attachment":[{"href":"https:\/\/hcd.munialvear.gov.ar\/index.php?rest_route=%2Fwp%2Fv2%2Fmedia&parent=8281"}],"wp:term":[{"taxonomy":"category","embeddable":true,"href":"https:\/\/hcd.munialvear.gov.ar\/index.php?rest_route=%2Fwp%2Fv2%2Fcategories&post=8281"},{"taxonomy":"post_tag","embeddable":true,"href":"https:\/\/hcd.munialvear.gov.ar\/index.php?rest_route=%2Fwp%2Fv2%2Ftags&post=8281"}],"curies":[{"name":"wp","href":"https:\/\/api.w.org\/{rel}","templated":true}]}}