{"id":6856,"date":"2023-12-10T08:17:43","date_gmt":"2023-12-10T11:17:43","guid":{"rendered":"https:\/\/hcd.munialvear.gov.ar\/?p=6856"},"modified":"2023-12-14T08:38:18","modified_gmt":"2023-12-14T11:38:18","slug":"sesion-especial","status":"publish","type":"post","link":"https:\/\/hcd.munialvear.gov.ar\/?p=6856","title":{"rendered":"SESI\u00d3N ESPECIAL"},"content":{"rendered":"\n<p>10 de diciembre 21,30hs &#8211; Vered\u00f3n del Palacio Municipal<\/p>\n\n\n\n<p><strong>ORDEN DEL DIA:<\/strong><\/p>\n\n\n\n<p><em>De acuerdo a lo estipulado por la Ley Org\u00e1nica de las Municipalidades, en su Art\u00edculo 68\u00ba Inc. 1\u00ba, 18\u00ba al 23\u00ba, se efect\u00faa la Sesi\u00f3n Especial.-.<\/em><\/p>\n\n\n\n<ol class=\"wp-block-list\" type=\"1\"><li>Jura del Intendente Municipal electo Ram\u00f3n Jos\u00e9 Capra de acuerdo a lo que dispone la Ley Org\u00e1nica de las Municipalidades en su Art\u00edculo 15\u00ba.-<\/li><\/ol>\n\n\n\n<p>&nbsp;&nbsp;&nbsp;&nbsp;&nbsp;&nbsp;&nbsp;&nbsp;&nbsp;&nbsp;&nbsp;&nbsp;&nbsp;&nbsp;&nbsp;&nbsp;&nbsp;&nbsp;&nbsp;&nbsp;&nbsp;&nbsp;&nbsp;&nbsp;&nbsp;&nbsp;&nbsp;&nbsp;&nbsp;&nbsp;&nbsp;&nbsp;&nbsp;&nbsp;&nbsp;&nbsp;&nbsp;&nbsp;&nbsp;&nbsp; Sin otro particular, saludo a usted muy atentamente.<\/p>\n\n\n\n<p><strong><em>&nbsp;&nbsp;&nbsp;&nbsp;&nbsp;&nbsp;&nbsp;&nbsp;&nbsp;&nbsp;&nbsp;&nbsp;&nbsp;&nbsp;&nbsp;&nbsp;&nbsp;&nbsp;&nbsp;&nbsp;&nbsp;&nbsp;&nbsp;&nbsp;&nbsp;&nbsp;&nbsp;&nbsp;&nbsp;&nbsp;&nbsp;&nbsp;&nbsp;&nbsp;&nbsp;&nbsp;&nbsp;&nbsp;&nbsp;&nbsp;&nbsp;&nbsp;&nbsp;&nbsp;&nbsp;&nbsp;&nbsp;&nbsp;&nbsp;&nbsp;&nbsp;&nbsp;&nbsp;&nbsp;&nbsp;&nbsp;&nbsp;&nbsp;&nbsp;&nbsp;&nbsp;&nbsp;&nbsp;&nbsp;&nbsp;&nbsp;&nbsp;&nbsp;&nbsp;&nbsp;&nbsp;&nbsp;&nbsp;&nbsp;&nbsp;&nbsp;&nbsp;&nbsp; Jos\u00e9 Alberto Alan\u00edz<\/em><\/strong><\/p>\n\n\n\n<p><strong><em>&nbsp;&nbsp;&nbsp;&nbsp;&nbsp;&nbsp;&nbsp;&nbsp;&nbsp;&nbsp;&nbsp;&nbsp;&nbsp;&nbsp;&nbsp;&nbsp;&nbsp;&nbsp;&nbsp;&nbsp;&nbsp;&nbsp;&nbsp;&nbsp;&nbsp;&nbsp;&nbsp;&nbsp;&nbsp;&nbsp;&nbsp;&nbsp;&nbsp;&nbsp;&nbsp;&nbsp;&nbsp;&nbsp;&nbsp;&nbsp;&nbsp;&nbsp;&nbsp;&nbsp;&nbsp;&nbsp;&nbsp;&nbsp;&nbsp;&nbsp;&nbsp;&nbsp;&nbsp;&nbsp;&nbsp;&nbsp; &nbsp;&nbsp;&nbsp;&nbsp;&nbsp;&nbsp;&nbsp;&nbsp;&nbsp;&nbsp;&nbsp;&nbsp;&nbsp;&nbsp;&nbsp;&nbsp;&nbsp;&nbsp;&nbsp;&nbsp;&nbsp;&nbsp;&nbsp;&nbsp;Presidente&nbsp; HCD<\/em><\/strong><\/p>\n\n\n\n<p><strong><em>&nbsp;&nbsp;&nbsp;&nbsp;&nbsp;&nbsp;&nbsp;&nbsp;&nbsp;&nbsp;&nbsp;&nbsp;&nbsp;&nbsp;&nbsp;&nbsp;&nbsp;&nbsp;&nbsp;&nbsp;&nbsp;&nbsp;&nbsp;&nbsp;&nbsp;&nbsp;&nbsp;&nbsp;&nbsp;&nbsp;&nbsp;&nbsp;&nbsp;&nbsp;&nbsp;&nbsp;&nbsp;&nbsp;&nbsp;&nbsp;&nbsp;&nbsp;&nbsp;&nbsp;&nbsp;&nbsp;&nbsp;&nbsp;&nbsp;&nbsp;&nbsp;&nbsp;&nbsp;&nbsp;&nbsp; &nbsp;&nbsp;&nbsp;&nbsp;&nbsp;&nbsp;&nbsp;&nbsp;&nbsp;&nbsp;&nbsp;&nbsp;&nbsp;&nbsp;&nbsp;&nbsp;&nbsp;&nbsp;&nbsp;&nbsp;&nbsp;&nbsp;General Alvear (B.A.)<\/em><\/strong><\/p>\n\n\n\n<figure class=\"wp-block-image size-full\"><img fetchpriority=\"high\" decoding=\"async\" width=\"1200\" height=\"1522\" src=\"https:\/\/hcd.munialvear.gov.ar\/wp-content\/uploads\/2023\/12\/20220422_192641.jpg\" alt=\"\" class=\"wp-image-6857\" srcset=\"https:\/\/hcd.munialvear.gov.ar\/wp-content\/uploads\/2023\/12\/20220422_192641.jpg 1200w, https:\/\/hcd.munialvear.gov.ar\/wp-content\/uploads\/2023\/12\/20220422_192641-768x974.jpg 768w\" sizes=\"(max-width: 1200px) 100vw, 1200px\" \/><\/figure>\n","protected":false},"excerpt":{"rendered":"<p>10 de diciembre 21,30hs &#8211; Vered\u00f3n del Palacio Municipal ORDEN DEL DIA: De acuerdo a lo estipulado por la Ley Org\u00e1nica de las Municipalidades, en su Art\u00edculo 68\u00ba Inc. 1\u00ba, 18\u00ba al 23\u00ba, se efect\u00faa la Sesi\u00f3n Especial.-. Jura del Intendente Municipal electo Ram\u00f3n Jos\u00e9 Capra de acuerdo a lo [&hellip;]<\/p>\n","protected":false},"author":3,"featured_media":0,"comment_status":"closed","ping_status":"closed","sticky":false,"template":"","format":"standard","meta":{"footnotes":""},"categories":[24],"tags":[],"class_list":["post-6856","post","type-post","status-publish","format-standard","hentry","category-noticias"],"yoast_head":"<!-- This site is optimized with the Yoast SEO plugin v25.7 - https:\/\/yoast.com\/wordpress\/plugins\/seo\/ -->\n<title>SESI\u00d3N ESPECIAL - Honorable Concejo Deliberante<\/title>\n<meta name=\"robots\" content=\"index, follow, max-snippet:-1, max-image-preview:large, max-video-preview:-1\" \/>\n<link rel=\"canonical\" href=\"https:\/\/hcd.munialvear.gov.ar\/?p=6856\" \/>\n<meta property=\"og:locale\" content=\"es_ES\" \/>\n<meta property=\"og:type\" content=\"article\" \/>\n<meta property=\"og:title\" content=\"SESI\u00d3N ESPECIAL - Honorable Concejo Deliberante\" \/>\n<meta property=\"og:description\" content=\"10 de diciembre 21,30hs &#8211; Vered\u00f3n del Palacio Municipal ORDEN DEL DIA: De acuerdo a lo estipulado por la Ley Org\u00e1nica de las Municipalidades, en su Art\u00edculo 68\u00ba Inc. 1\u00ba, 18\u00ba al 23\u00ba, se efect\u00faa la Sesi\u00f3n Especial.-. Jura del Intendente Municipal electo Ram\u00f3n Jos\u00e9 Capra de acuerdo a lo [&hellip;]\" \/>\n<meta property=\"og:url\" content=\"https:\/\/hcd.munialvear.gov.ar\/?p=6856\" \/>\n<meta property=\"og:site_name\" content=\"Honorable Concejo Deliberante\" \/>\n<meta property=\"article:publisher\" content=\"https:\/\/www.facebook.com\/hcdalvearbaires\" \/>\n<meta property=\"article:published_time\" content=\"2023-12-10T11:17:43+00:00\" \/>\n<meta property=\"article:modified_time\" content=\"2023-12-14T11:38:18+00:00\" \/>\n<meta property=\"og:image\" content=\"https:\/\/hcd.munialvear.gov.ar\/wp-content\/uploads\/2023\/12\/20220422_192641.jpg\" \/>\n<meta name=\"author\" content=\"Alberto Alaniz\" \/>\n<meta name=\"twitter:card\" content=\"summary_large_image\" \/>\n<meta name=\"twitter:label1\" content=\"Escrito por\" \/>\n\t<meta name=\"twitter:data1\" content=\"Alberto Alaniz\" \/>\n\t<meta name=\"twitter:label2\" content=\"Tiempo de lectura\" \/>\n\t<meta name=\"twitter:data2\" content=\"1 minuto\" \/>\n<script type=\"application\/ld+json\" class=\"yoast-schema-graph\">{\"@context\":\"https:\/\/schema.org\",\"@graph\":[{\"@type\":\"Article\",\"@id\":\"https:\/\/hcd.munialvear.gov.ar\/?p=6856#article\",\"isPartOf\":{\"@id\":\"https:\/\/hcd.munialvear.gov.ar\/?p=6856\"},\"author\":{\"name\":\"Alberto Alaniz\",\"@id\":\"https:\/\/hcd.munialvear.gov.ar\/#\/schema\/person\/d3f49afc208b6b9894b59b2bc59eda0d\"},\"headline\":\"SESI\u00d3N ESPECIAL\",\"datePublished\":\"2023-12-10T11:17:43+00:00\",\"dateModified\":\"2023-12-14T11:38:18+00:00\",\"mainEntityOfPage\":{\"@id\":\"https:\/\/hcd.munialvear.gov.ar\/?p=6856\"},\"wordCount\":363,\"publisher\":{\"@id\":\"https:\/\/hcd.munialvear.gov.ar\/#organization\"},\"image\":{\"@id\":\"https:\/\/hcd.munialvear.gov.ar\/?p=6856#primaryimage\"},\"thumbnailUrl\":\"https:\/\/hcd.munialvear.gov.ar\/wp-content\/uploads\/2023\/12\/20220422_192641.jpg\",\"articleSection\":[\"Noticias\"],\"inLanguage\":\"es-AR\"},{\"@type\":\"WebPage\",\"@id\":\"https:\/\/hcd.munialvear.gov.ar\/?p=6856\",\"url\":\"https:\/\/hcd.munialvear.gov.ar\/?p=6856\",\"name\":\"SESI\u00d3N ESPECIAL - Honorable Concejo Deliberante\",\"isPartOf\":{\"@id\":\"https:\/\/hcd.munialvear.gov.ar\/#website\"},\"primaryImageOfPage\":{\"@id\":\"https:\/\/hcd.munialvear.gov.ar\/?p=6856#primaryimage\"},\"image\":{\"@id\":\"https:\/\/hcd.munialvear.gov.ar\/?p=6856#primaryimage\"},\"thumbnailUrl\":\"https:\/\/hcd.munialvear.gov.ar\/wp-content\/uploads\/2023\/12\/20220422_192641.jpg\",\"datePublished\":\"2023-12-10T11:17:43+00:00\",\"dateModified\":\"2023-12-14T11:38:18+00:00\",\"breadcrumb\":{\"@id\":\"https:\/\/hcd.munialvear.gov.ar\/?p=6856#breadcrumb\"},\"inLanguage\":\"es-AR\",\"potentialAction\":[{\"@type\":\"ReadAction\",\"target\":[\"https:\/\/hcd.munialvear.gov.ar\/?p=6856\"]}]},{\"@type\":\"ImageObject\",\"inLanguage\":\"es-AR\",\"@id\":\"https:\/\/hcd.munialvear.gov.ar\/?p=6856#primaryimage\",\"url\":\"https:\/\/hcd.munialvear.gov.ar\/wp-content\/uploads\/2023\/12\/20220422_192641.jpg\",\"contentUrl\":\"https:\/\/hcd.munialvear.gov.ar\/wp-content\/uploads\/2023\/12\/20220422_192641.jpg\",\"width\":1200,\"height\":1522},{\"@type\":\"BreadcrumbList\",\"@id\":\"https:\/\/hcd.munialvear.gov.ar\/?p=6856#breadcrumb\",\"itemListElement\":[{\"@type\":\"ListItem\",\"position\":1,\"name\":\"Inicio\",\"item\":\"https:\/\/hcd.munialvear.gov.ar\/\"},{\"@type\":\"ListItem\",\"position\":2,\"name\":\"SESI\u00d3N ESPECIAL\"}]},{\"@type\":\"WebSite\",\"@id\":\"https:\/\/hcd.munialvear.gov.ar\/#website\",\"url\":\"https:\/\/hcd.munialvear.gov.ar\/\",\"name\":\"Honorable Concejo Deliberante\",\"description\":\"Honorable Concejo Deliberante de General Alvear\",\"publisher\":{\"@id\":\"https:\/\/hcd.munialvear.gov.ar\/#organization\"},\"potentialAction\":[{\"@type\":\"SearchAction\",\"target\":{\"@type\":\"EntryPoint\",\"urlTemplate\":\"https:\/\/hcd.munialvear.gov.ar\/?s={search_term_string}\"},\"query-input\":{\"@type\":\"PropertyValueSpecification\",\"valueRequired\":true,\"valueName\":\"search_term_string\"}}],\"inLanguage\":\"es-AR\"},{\"@type\":\"Organization\",\"@id\":\"https:\/\/hcd.munialvear.gov.ar\/#organization\",\"name\":\"Honorable Concejo Deliberante\",\"url\":\"https:\/\/hcd.munialvear.gov.ar\/\",\"logo\":{\"@type\":\"ImageObject\",\"inLanguage\":\"es-AR\",\"@id\":\"https:\/\/hcd.munialvear.gov.ar\/#\/schema\/logo\/image\/\",\"url\":\"https:\/\/hcd.munialvear.gov.ar\/wp-content\/uploads\/2026\/01\/cropped-logo-concejo-fond-blanco.png\",\"contentUrl\":\"https:\/\/hcd.munialvear.gov.ar\/wp-content\/uploads\/2026\/01\/cropped-logo-concejo-fond-blanco.png\",\"width\":1691,\"height\":1136,\"caption\":\"Honorable Concejo Deliberante\"},\"image\":{\"@id\":\"https:\/\/hcd.munialvear.gov.ar\/#\/schema\/logo\/image\/\"},\"sameAs\":[\"https:\/\/www.facebook.com\/hcdalvearbaires\"]},{\"@type\":\"Person\",\"@id\":\"https:\/\/hcd.munialvear.gov.ar\/#\/schema\/person\/d3f49afc208b6b9894b59b2bc59eda0d\",\"name\":\"Alberto Alaniz\",\"image\":{\"@type\":\"ImageObject\",\"inLanguage\":\"es-AR\",\"@id\":\"https:\/\/hcd.munialvear.gov.ar\/#\/schema\/person\/image\/\",\"url\":\"https:\/\/secure.gravatar.com\/avatar\/c3ba50b40a554a4883a93869e5289106cf9e68e811eb87b9ec542a8bc44059dc?s=96&d=mm&r=g\",\"contentUrl\":\"https:\/\/secure.gravatar.com\/avatar\/c3ba50b40a554a4883a93869e5289106cf9e68e811eb87b9ec542a8bc44059dc?s=96&d=mm&r=g\",\"caption\":\"Alberto Alaniz\"},\"url\":\"https:\/\/hcd.munialvear.gov.ar\/?author=3\"}]}<\/script>\n<!-- \/ Yoast SEO plugin. -->","yoast_head_json":{"title":"SESI\u00d3N ESPECIAL - Honorable Concejo Deliberante","robots":{"index":"index","follow":"follow","max-snippet":"max-snippet:-1","max-image-preview":"max-image-preview:large","max-video-preview":"max-video-preview:-1"},"canonical":"https:\/\/hcd.munialvear.gov.ar\/?p=6856","og_locale":"es_ES","og_type":"article","og_title":"SESI\u00d3N ESPECIAL - Honorable Concejo Deliberante","og_description":"10 de diciembre 21,30hs &#8211; Vered\u00f3n del Palacio Municipal ORDEN DEL DIA: De acuerdo a lo estipulado por la Ley Org\u00e1nica de las Municipalidades, en su Art\u00edculo 68\u00ba Inc. 1\u00ba, 18\u00ba al 23\u00ba, se efect\u00faa la Sesi\u00f3n Especial.-. Jura del Intendente Municipal electo Ram\u00f3n Jos\u00e9 Capra de acuerdo a lo [&hellip;]","og_url":"https:\/\/hcd.munialvear.gov.ar\/?p=6856","og_site_name":"Honorable Concejo Deliberante","article_publisher":"https:\/\/www.facebook.com\/hcdalvearbaires","article_published_time":"2023-12-10T11:17:43+00:00","article_modified_time":"2023-12-14T11:38:18+00:00","og_image":[{"url":"https:\/\/hcd.munialvear.gov.ar\/wp-content\/uploads\/2023\/12\/20220422_192641.jpg","type":"","width":"","height":""}],"author":"Alberto Alaniz","twitter_card":"summary_large_image","twitter_misc":{"Escrito por":"Alberto Alaniz","Tiempo de lectura":"1 minuto"},"schema":{"@context":"https:\/\/schema.org","@graph":[{"@type":"Article","@id":"https:\/\/hcd.munialvear.gov.ar\/?p=6856#article","isPartOf":{"@id":"https:\/\/hcd.munialvear.gov.ar\/?p=6856"},"author":{"name":"Alberto Alaniz","@id":"https:\/\/hcd.munialvear.gov.ar\/#\/schema\/person\/d3f49afc208b6b9894b59b2bc59eda0d"},"headline":"SESI\u00d3N ESPECIAL","datePublished":"2023-12-10T11:17:43+00:00","dateModified":"2023-12-14T11:38:18+00:00","mainEntityOfPage":{"@id":"https:\/\/hcd.munialvear.gov.ar\/?p=6856"},"wordCount":363,"publisher":{"@id":"https:\/\/hcd.munialvear.gov.ar\/#organization"},"image":{"@id":"https:\/\/hcd.munialvear.gov.ar\/?p=6856#primaryimage"},"thumbnailUrl":"https:\/\/hcd.munialvear.gov.ar\/wp-content\/uploads\/2023\/12\/20220422_192641.jpg","articleSection":["Noticias"],"inLanguage":"es-AR"},{"@type":"WebPage","@id":"https:\/\/hcd.munialvear.gov.ar\/?p=6856","url":"https:\/\/hcd.munialvear.gov.ar\/?p=6856","name":"SESI\u00d3N ESPECIAL - Honorable Concejo Deliberante","isPartOf":{"@id":"https:\/\/hcd.munialvear.gov.ar\/#website"},"primaryImageOfPage":{"@id":"https:\/\/hcd.munialvear.gov.ar\/?p=6856#primaryimage"},"image":{"@id":"https:\/\/hcd.munialvear.gov.ar\/?p=6856#primaryimage"},"thumbnailUrl":"https:\/\/hcd.munialvear.gov.ar\/wp-content\/uploads\/2023\/12\/20220422_192641.jpg","datePublished":"2023-12-10T11:17:43+00:00","dateModified":"2023-12-14T11:38:18+00:00","breadcrumb":{"@id":"https:\/\/hcd.munialvear.gov.ar\/?p=6856#breadcrumb"},"inLanguage":"es-AR","potentialAction":[{"@type":"ReadAction","target":["https:\/\/hcd.munialvear.gov.ar\/?p=6856"]}]},{"@type":"ImageObject","inLanguage":"es-AR","@id":"https:\/\/hcd.munialvear.gov.ar\/?p=6856#primaryimage","url":"https:\/\/hcd.munialvear.gov.ar\/wp-content\/uploads\/2023\/12\/20220422_192641.jpg","contentUrl":"https:\/\/hcd.munialvear.gov.ar\/wp-content\/uploads\/2023\/12\/20220422_192641.jpg","width":1200,"height":1522},{"@type":"BreadcrumbList","@id":"https:\/\/hcd.munialvear.gov.ar\/?p=6856#breadcrumb","itemListElement":[{"@type":"ListItem","position":1,"name":"Inicio","item":"https:\/\/hcd.munialvear.gov.ar\/"},{"@type":"ListItem","position":2,"name":"SESI\u00d3N ESPECIAL"}]},{"@type":"WebSite","@id":"https:\/\/hcd.munialvear.gov.ar\/#website","url":"https:\/\/hcd.munialvear.gov.ar\/","name":"Honorable Concejo Deliberante","description":"Honorable Concejo Deliberante de General Alvear","publisher":{"@id":"https:\/\/hcd.munialvear.gov.ar\/#organization"},"potentialAction":[{"@type":"SearchAction","target":{"@type":"EntryPoint","urlTemplate":"https:\/\/hcd.munialvear.gov.ar\/?s={search_term_string}"},"query-input":{"@type":"PropertyValueSpecification","valueRequired":true,"valueName":"search_term_string"}}],"inLanguage":"es-AR"},{"@type":"Organization","@id":"https:\/\/hcd.munialvear.gov.ar\/#organization","name":"Honorable Concejo Deliberante","url":"https:\/\/hcd.munialvear.gov.ar\/","logo":{"@type":"ImageObject","inLanguage":"es-AR","@id":"https:\/\/hcd.munialvear.gov.ar\/#\/schema\/logo\/image\/","url":"https:\/\/hcd.munialvear.gov.ar\/wp-content\/uploads\/2026\/01\/cropped-logo-concejo-fond-blanco.png","contentUrl":"https:\/\/hcd.munialvear.gov.ar\/wp-content\/uploads\/2026\/01\/cropped-logo-concejo-fond-blanco.png","width":1691,"height":1136,"caption":"Honorable Concejo Deliberante"},"image":{"@id":"https:\/\/hcd.munialvear.gov.ar\/#\/schema\/logo\/image\/"},"sameAs":["https:\/\/www.facebook.com\/hcdalvearbaires"]},{"@type":"Person","@id":"https:\/\/hcd.munialvear.gov.ar\/#\/schema\/person\/d3f49afc208b6b9894b59b2bc59eda0d","name":"Alberto Alaniz","image":{"@type":"ImageObject","inLanguage":"es-AR","@id":"https:\/\/hcd.munialvear.gov.ar\/#\/schema\/person\/image\/","url":"https:\/\/secure.gravatar.com\/avatar\/c3ba50b40a554a4883a93869e5289106cf9e68e811eb87b9ec542a8bc44059dc?s=96&d=mm&r=g","contentUrl":"https:\/\/secure.gravatar.com\/avatar\/c3ba50b40a554a4883a93869e5289106cf9e68e811eb87b9ec542a8bc44059dc?s=96&d=mm&r=g","caption":"Alberto Alaniz"},"url":"https:\/\/hcd.munialvear.gov.ar\/?author=3"}]}},"_links":{"self":[{"href":"https:\/\/hcd.munialvear.gov.ar\/index.php?rest_route=\/wp\/v2\/posts\/6856","targetHints":{"allow":["GET"]}}],"collection":[{"href":"https:\/\/hcd.munialvear.gov.ar\/index.php?rest_route=\/wp\/v2\/posts"}],"about":[{"href":"https:\/\/hcd.munialvear.gov.ar\/index.php?rest_route=\/wp\/v2\/types\/post"}],"author":[{"embeddable":true,"href":"https:\/\/hcd.munialvear.gov.ar\/index.php?rest_route=\/wp\/v2\/users\/3"}],"replies":[{"embeddable":true,"href":"https:\/\/hcd.munialvear.gov.ar\/index.php?rest_route=%2Fwp%2Fv2%2Fcomments&post=6856"}],"version-history":[{"count":1,"href":"https:\/\/hcd.munialvear.gov.ar\/index.php?rest_route=\/wp\/v2\/posts\/6856\/revisions"}],"predecessor-version":[{"id":6858,"href":"https:\/\/hcd.munialvear.gov.ar\/index.php?rest_route=\/wp\/v2\/posts\/6856\/revisions\/6858"}],"wp:attachment":[{"href":"https:\/\/hcd.munialvear.gov.ar\/index.php?rest_route=%2Fwp%2Fv2%2Fmedia&parent=6856"}],"wp:term":[{"taxonomy":"category","embeddable":true,"href":"https:\/\/hcd.munialvear.gov.ar\/index.php?rest_route=%2Fwp%2Fv2%2Fcategories&post=6856"},{"taxonomy":"post_tag","embeddable":true,"href":"https:\/\/hcd.munialvear.gov.ar\/index.php?rest_route=%2Fwp%2Fv2%2Ftags&post=6856"}],"curies":[{"name":"wp","href":"https:\/\/api.w.org\/{rel}","templated":true}]}}