{"id":6594,"date":"2023-06-01T11:10:30","date_gmt":"2023-06-01T14:10:30","guid":{"rendered":"https:\/\/hcd.munialvear.gov.ar\/?p=6594"},"modified":"2023-06-01T11:16:20","modified_gmt":"2023-06-01T14:16:20","slug":"concejo-deliberante-juvenil-segunda-sesion-ordinaria","status":"publish","type":"post","link":"https:\/\/hcd.munialvear.gov.ar\/?p=6594","title":{"rendered":"CONCEJO DELIBERANTE JUVENIL"},"content":{"rendered":"\n<p><strong>Segunda Sesi\u00f3n Ordinaria.<\/strong><\/p>\n\n\n\n<figure class=\"wp-block-image size-full\"><img fetchpriority=\"high\" decoding=\"async\" width=\"1024\" height=\"647\" src=\"https:\/\/hcd.munialvear.gov.ar\/wp-content\/uploads\/2023\/06\/SEGUNDA-SESION.jpg\" alt=\"\" class=\"wp-image-6595\" srcset=\"https:\/\/hcd.munialvear.gov.ar\/wp-content\/uploads\/2023\/06\/SEGUNDA-SESION.jpg 1024w, https:\/\/hcd.munialvear.gov.ar\/wp-content\/uploads\/2023\/06\/SEGUNDA-SESION-768x485.jpg 768w\" sizes=\"(max-width: 1024px) 100vw, 1024px\" \/><\/figure>\n\n\n\n<p>Convocado por su Presidenta, la representante juvenil (ICAM) Valentina Go\u00f1i, en la ma\u00f1ana del d\u00eda 31 de mayo, precisamente a las 09:00 hs, en la Sala de Sesiones &#8220;H\u00e9roes de Malvinas&#8221;, el Concejo Deliberante Juvenil llev\u00f3 a cabo su Segunda Sesi\u00f3n Ordinaria.<\/p>\n\n\n\n<p>La convocatoria obedeci\u00f3 al siguiente Orden del D\u00eda, en el que se detallan las decisiones:<\/p>\n\n\n\n<p>1.-<strong>Proyecto de Ordenanza:<\/strong> \u201cSolicitando atenci\u00f3n al mal estado de la intersecci\u00f3n de las Rutas Provinciales 51 y 61\u201d. Presentado por la E.E.M. N\u00ba1.-<\/p>\n\n\n\n<p>Girado al Concejo en Comisi\u00f3n, por unanimidad.<\/p>\n\n\n\n<p>2.-<strong>Proyecto de Ordenanza: <\/strong>\u201cCreaci\u00f3n del \u201cESPACIO JUVENIL ALVEARENSE\u201d.- Presentado por la E.E.S N\u00b0 4 \u201cJUAN JOS\u00c9 VILCHES\u201d.<\/p>\n\n\n\n<p>Girado al Concejo en Comisi\u00f3n, por unanimidad<\/p>\n\n\n\n<p>3.-<strong>Proyecto de Resoluci\u00f3n: <\/strong>\u201cSolicitud de entrega de netbooks del Plan Conectar Igualdad\u201d. Presentado por el I.C.A.M. <\/p>\n\n\n\n<p>Tratado sobre tablas. Aprobado por mayor\u00eda<\/p>\n\n\n\n<p>4.-<strong>Proyecto de Decreto:<\/strong><em> <\/em>\u201cDictado de un Reglamento para el Concejo Deliberante Juvenil\u201d. Presentado por el I.C.A.M.<\/p>\n\n\n\n<p>Girado al Concejo en Comisi\u00f3n, por unanimidad.<\/p>\n\n\n\n<p>5.-<strong>Proyecto de Comunicaci\u00f3n: <\/strong>\u201cSolicitando Sonorizaci\u00f3n de Sem\u00e1foros\u201d. Presentado por la E.E.S.T N\u00ba1.<\/p>\n\n\n\n<p>Girado al Concejo en Comisi\u00f3n, por unanimidad.<\/p>\n\n\n\n<p>El a\u00f1o legislativo juvenil promete mucho trabajo y profundo debate,  que enorgullece a cualquier comunidad que se precie de respetar las Instituciones de la Democracia. <\/p>\n\n\n\n<p><\/p>\n\n\n\n<p>  <\/p>\n","protected":false},"excerpt":{"rendered":"<p>Segunda Sesi\u00f3n Ordinaria. Convocado por su Presidenta, la representante juvenil (ICAM) Valentina Go\u00f1i, en la ma\u00f1ana del d\u00eda 31 de mayo, precisamente a las 09:00 hs, en la Sala de Sesiones &#8220;H\u00e9roes de Malvinas&#8221;, el Concejo Deliberante Juvenil llev\u00f3 a cabo su Segunda Sesi\u00f3n Ordinaria. La convocatoria obedeci\u00f3 al siguiente [&hellip;]<\/p>\n","protected":false},"author":2,"featured_media":0,"comment_status":"closed","ping_status":"closed","sticky":false,"template":"","format":"standard","meta":{"footnotes":""},"categories":[24],"tags":[],"class_list":["post-6594","post","type-post","status-publish","format-standard","hentry","category-noticias"],"yoast_head":"<!-- This site is optimized with the Yoast SEO plugin v25.7 - https:\/\/yoast.com\/wordpress\/plugins\/seo\/ -->\n<title>CONCEJO DELIBERANTE JUVENIL - Honorable Concejo Deliberante<\/title>\n<meta name=\"robots\" content=\"index, follow, max-snippet:-1, max-image-preview:large, max-video-preview:-1\" \/>\n<link rel=\"canonical\" href=\"https:\/\/hcd.munialvear.gov.ar\/?p=6594\" \/>\n<meta property=\"og:locale\" content=\"es_ES\" \/>\n<meta property=\"og:type\" content=\"article\" \/>\n<meta property=\"og:title\" content=\"CONCEJO DELIBERANTE JUVENIL - Honorable Concejo Deliberante\" \/>\n<meta property=\"og:description\" content=\"Segunda Sesi\u00f3n Ordinaria. Convocado por su Presidenta, la representante juvenil (ICAM) Valentina Go\u00f1i, en la ma\u00f1ana del d\u00eda 31 de mayo, precisamente a las 09:00 hs, en la Sala de Sesiones &#8220;H\u00e9roes de Malvinas&#8221;, el Concejo Deliberante Juvenil llev\u00f3 a cabo su Segunda Sesi\u00f3n Ordinaria. La convocatoria obedeci\u00f3 al siguiente [&hellip;]\" \/>\n<meta property=\"og:url\" content=\"https:\/\/hcd.munialvear.gov.ar\/?p=6594\" \/>\n<meta property=\"og:site_name\" content=\"Honorable Concejo Deliberante\" \/>\n<meta property=\"article:publisher\" content=\"https:\/\/www.facebook.com\/hcdalvearbaires\" \/>\n<meta property=\"article:published_time\" content=\"2023-06-01T14:10:30+00:00\" \/>\n<meta property=\"article:modified_time\" content=\"2023-06-01T14:16:20+00:00\" \/>\n<meta property=\"og:image\" content=\"https:\/\/hcd.munialvear.gov.ar\/wp-content\/uploads\/2023\/06\/SEGUNDA-SESION.jpg\" \/>\n<meta name=\"author\" content=\"Honorable Concejo Deliberante\" \/>\n<meta name=\"twitter:card\" content=\"summary_large_image\" \/>\n<meta name=\"twitter:label1\" content=\"Escrito por\" \/>\n\t<meta name=\"twitter:data1\" content=\"Honorable Concejo Deliberante\" \/>\n\t<meta name=\"twitter:label2\" content=\"Tiempo de lectura\" \/>\n\t<meta name=\"twitter:data2\" content=\"2 minutos\" \/>\n<script type=\"application\/ld+json\" class=\"yoast-schema-graph\">{\"@context\":\"https:\/\/schema.org\",\"@graph\":[{\"@type\":\"Article\",\"@id\":\"https:\/\/hcd.munialvear.gov.ar\/?p=6594#article\",\"isPartOf\":{\"@id\":\"https:\/\/hcd.munialvear.gov.ar\/?p=6594\"},\"author\":{\"name\":\"Honorable Concejo Deliberante\",\"@id\":\"https:\/\/hcd.munialvear.gov.ar\/#\/schema\/person\/00946dc42b08eafacab2fb096957a2a0\"},\"headline\":\"CONCEJO DELIBERANTE JUVENIL\",\"datePublished\":\"2023-06-01T14:10:30+00:00\",\"dateModified\":\"2023-06-01T14:16:20+00:00\",\"mainEntityOfPage\":{\"@id\":\"https:\/\/hcd.munialvear.gov.ar\/?p=6594\"},\"wordCount\":236,\"publisher\":{\"@id\":\"https:\/\/hcd.munialvear.gov.ar\/#organization\"},\"image\":{\"@id\":\"https:\/\/hcd.munialvear.gov.ar\/?p=6594#primaryimage\"},\"thumbnailUrl\":\"https:\/\/hcd.munialvear.gov.ar\/wp-content\/uploads\/2023\/06\/SEGUNDA-SESION.jpg\",\"articleSection\":[\"Noticias\"],\"inLanguage\":\"es-AR\"},{\"@type\":\"WebPage\",\"@id\":\"https:\/\/hcd.munialvear.gov.ar\/?p=6594\",\"url\":\"https:\/\/hcd.munialvear.gov.ar\/?p=6594\",\"name\":\"CONCEJO DELIBERANTE JUVENIL - Honorable Concejo Deliberante\",\"isPartOf\":{\"@id\":\"https:\/\/hcd.munialvear.gov.ar\/#website\"},\"primaryImageOfPage\":{\"@id\":\"https:\/\/hcd.munialvear.gov.ar\/?p=6594#primaryimage\"},\"image\":{\"@id\":\"https:\/\/hcd.munialvear.gov.ar\/?p=6594#primaryimage\"},\"thumbnailUrl\":\"https:\/\/hcd.munialvear.gov.ar\/wp-content\/uploads\/2023\/06\/SEGUNDA-SESION.jpg\",\"datePublished\":\"2023-06-01T14:10:30+00:00\",\"dateModified\":\"2023-06-01T14:16:20+00:00\",\"breadcrumb\":{\"@id\":\"https:\/\/hcd.munialvear.gov.ar\/?p=6594#breadcrumb\"},\"inLanguage\":\"es-AR\",\"potentialAction\":[{\"@type\":\"ReadAction\",\"target\":[\"https:\/\/hcd.munialvear.gov.ar\/?p=6594\"]}]},{\"@type\":\"ImageObject\",\"inLanguage\":\"es-AR\",\"@id\":\"https:\/\/hcd.munialvear.gov.ar\/?p=6594#primaryimage\",\"url\":\"https:\/\/hcd.munialvear.gov.ar\/wp-content\/uploads\/2023\/06\/SEGUNDA-SESION.jpg\",\"contentUrl\":\"https:\/\/hcd.munialvear.gov.ar\/wp-content\/uploads\/2023\/06\/SEGUNDA-SESION.jpg\",\"width\":1024,\"height\":647},{\"@type\":\"BreadcrumbList\",\"@id\":\"https:\/\/hcd.munialvear.gov.ar\/?p=6594#breadcrumb\",\"itemListElement\":[{\"@type\":\"ListItem\",\"position\":1,\"name\":\"Inicio\",\"item\":\"https:\/\/hcd.munialvear.gov.ar\/\"},{\"@type\":\"ListItem\",\"position\":2,\"name\":\"CONCEJO DELIBERANTE JUVENIL\"}]},{\"@type\":\"WebSite\",\"@id\":\"https:\/\/hcd.munialvear.gov.ar\/#website\",\"url\":\"https:\/\/hcd.munialvear.gov.ar\/\",\"name\":\"Honorable Concejo Deliberante\",\"description\":\"Honorable Concejo Deliberante de General Alvear\",\"publisher\":{\"@id\":\"https:\/\/hcd.munialvear.gov.ar\/#organization\"},\"potentialAction\":[{\"@type\":\"SearchAction\",\"target\":{\"@type\":\"EntryPoint\",\"urlTemplate\":\"https:\/\/hcd.munialvear.gov.ar\/?s={search_term_string}\"},\"query-input\":{\"@type\":\"PropertyValueSpecification\",\"valueRequired\":true,\"valueName\":\"search_term_string\"}}],\"inLanguage\":\"es-AR\"},{\"@type\":\"Organization\",\"@id\":\"https:\/\/hcd.munialvear.gov.ar\/#organization\",\"name\":\"Honorable Concejo Deliberante\",\"url\":\"https:\/\/hcd.munialvear.gov.ar\/\",\"logo\":{\"@type\":\"ImageObject\",\"inLanguage\":\"es-AR\",\"@id\":\"https:\/\/hcd.munialvear.gov.ar\/#\/schema\/logo\/image\/\",\"url\":\"https:\/\/hcd.munialvear.gov.ar\/wp-content\/uploads\/2026\/01\/cropped-logo-concejo-fond-blanco.png\",\"contentUrl\":\"https:\/\/hcd.munialvear.gov.ar\/wp-content\/uploads\/2026\/01\/cropped-logo-concejo-fond-blanco.png\",\"width\":1691,\"height\":1136,\"caption\":\"Honorable Concejo Deliberante\"},\"image\":{\"@id\":\"https:\/\/hcd.munialvear.gov.ar\/#\/schema\/logo\/image\/\"},\"sameAs\":[\"https:\/\/www.facebook.com\/hcdalvearbaires\"]},{\"@type\":\"Person\",\"@id\":\"https:\/\/hcd.munialvear.gov.ar\/#\/schema\/person\/00946dc42b08eafacab2fb096957a2a0\",\"name\":\"Honorable Concejo Deliberante\",\"image\":{\"@type\":\"ImageObject\",\"inLanguage\":\"es-AR\",\"@id\":\"https:\/\/hcd.munialvear.gov.ar\/#\/schema\/person\/image\/\",\"url\":\"https:\/\/secure.gravatar.com\/avatar\/e9138322b013621f1806616595844a8f42d2a2345f32ab965dfa995e2b17ee25?s=96&d=mm&r=g\",\"contentUrl\":\"https:\/\/secure.gravatar.com\/avatar\/e9138322b013621f1806616595844a8f42d2a2345f32ab965dfa995e2b17ee25?s=96&d=mm&r=g\",\"caption\":\"Honorable Concejo Deliberante\"},\"url\":\"https:\/\/hcd.munialvear.gov.ar\/?author=2\"}]}<\/script>\n<!-- \/ Yoast SEO plugin. -->","yoast_head_json":{"title":"CONCEJO DELIBERANTE JUVENIL - Honorable Concejo Deliberante","robots":{"index":"index","follow":"follow","max-snippet":"max-snippet:-1","max-image-preview":"max-image-preview:large","max-video-preview":"max-video-preview:-1"},"canonical":"https:\/\/hcd.munialvear.gov.ar\/?p=6594","og_locale":"es_ES","og_type":"article","og_title":"CONCEJO DELIBERANTE JUVENIL - Honorable Concejo Deliberante","og_description":"Segunda Sesi\u00f3n Ordinaria. Convocado por su Presidenta, la representante juvenil (ICAM) Valentina Go\u00f1i, en la ma\u00f1ana del d\u00eda 31 de mayo, precisamente a las 09:00 hs, en la Sala de Sesiones &#8220;H\u00e9roes de Malvinas&#8221;, el Concejo Deliberante Juvenil llev\u00f3 a cabo su Segunda Sesi\u00f3n Ordinaria. La convocatoria obedeci\u00f3 al siguiente [&hellip;]","og_url":"https:\/\/hcd.munialvear.gov.ar\/?p=6594","og_site_name":"Honorable Concejo Deliberante","article_publisher":"https:\/\/www.facebook.com\/hcdalvearbaires","article_published_time":"2023-06-01T14:10:30+00:00","article_modified_time":"2023-06-01T14:16:20+00:00","og_image":[{"url":"https:\/\/hcd.munialvear.gov.ar\/wp-content\/uploads\/2023\/06\/SEGUNDA-SESION.jpg","type":"","width":"","height":""}],"author":"Honorable Concejo Deliberante","twitter_card":"summary_large_image","twitter_misc":{"Escrito por":"Honorable Concejo Deliberante","Tiempo de lectura":"2 minutos"},"schema":{"@context":"https:\/\/schema.org","@graph":[{"@type":"Article","@id":"https:\/\/hcd.munialvear.gov.ar\/?p=6594#article","isPartOf":{"@id":"https:\/\/hcd.munialvear.gov.ar\/?p=6594"},"author":{"name":"Honorable Concejo Deliberante","@id":"https:\/\/hcd.munialvear.gov.ar\/#\/schema\/person\/00946dc42b08eafacab2fb096957a2a0"},"headline":"CONCEJO DELIBERANTE JUVENIL","datePublished":"2023-06-01T14:10:30+00:00","dateModified":"2023-06-01T14:16:20+00:00","mainEntityOfPage":{"@id":"https:\/\/hcd.munialvear.gov.ar\/?p=6594"},"wordCount":236,"publisher":{"@id":"https:\/\/hcd.munialvear.gov.ar\/#organization"},"image":{"@id":"https:\/\/hcd.munialvear.gov.ar\/?p=6594#primaryimage"},"thumbnailUrl":"https:\/\/hcd.munialvear.gov.ar\/wp-content\/uploads\/2023\/06\/SEGUNDA-SESION.jpg","articleSection":["Noticias"],"inLanguage":"es-AR"},{"@type":"WebPage","@id":"https:\/\/hcd.munialvear.gov.ar\/?p=6594","url":"https:\/\/hcd.munialvear.gov.ar\/?p=6594","name":"CONCEJO DELIBERANTE JUVENIL - Honorable Concejo Deliberante","isPartOf":{"@id":"https:\/\/hcd.munialvear.gov.ar\/#website"},"primaryImageOfPage":{"@id":"https:\/\/hcd.munialvear.gov.ar\/?p=6594#primaryimage"},"image":{"@id":"https:\/\/hcd.munialvear.gov.ar\/?p=6594#primaryimage"},"thumbnailUrl":"https:\/\/hcd.munialvear.gov.ar\/wp-content\/uploads\/2023\/06\/SEGUNDA-SESION.jpg","datePublished":"2023-06-01T14:10:30+00:00","dateModified":"2023-06-01T14:16:20+00:00","breadcrumb":{"@id":"https:\/\/hcd.munialvear.gov.ar\/?p=6594#breadcrumb"},"inLanguage":"es-AR","potentialAction":[{"@type":"ReadAction","target":["https:\/\/hcd.munialvear.gov.ar\/?p=6594"]}]},{"@type":"ImageObject","inLanguage":"es-AR","@id":"https:\/\/hcd.munialvear.gov.ar\/?p=6594#primaryimage","url":"https:\/\/hcd.munialvear.gov.ar\/wp-content\/uploads\/2023\/06\/SEGUNDA-SESION.jpg","contentUrl":"https:\/\/hcd.munialvear.gov.ar\/wp-content\/uploads\/2023\/06\/SEGUNDA-SESION.jpg","width":1024,"height":647},{"@type":"BreadcrumbList","@id":"https:\/\/hcd.munialvear.gov.ar\/?p=6594#breadcrumb","itemListElement":[{"@type":"ListItem","position":1,"name":"Inicio","item":"https:\/\/hcd.munialvear.gov.ar\/"},{"@type":"ListItem","position":2,"name":"CONCEJO DELIBERANTE JUVENIL"}]},{"@type":"WebSite","@id":"https:\/\/hcd.munialvear.gov.ar\/#website","url":"https:\/\/hcd.munialvear.gov.ar\/","name":"Honorable Concejo Deliberante","description":"Honorable Concejo Deliberante de General Alvear","publisher":{"@id":"https:\/\/hcd.munialvear.gov.ar\/#organization"},"potentialAction":[{"@type":"SearchAction","target":{"@type":"EntryPoint","urlTemplate":"https:\/\/hcd.munialvear.gov.ar\/?s={search_term_string}"},"query-input":{"@type":"PropertyValueSpecification","valueRequired":true,"valueName":"search_term_string"}}],"inLanguage":"es-AR"},{"@type":"Organization","@id":"https:\/\/hcd.munialvear.gov.ar\/#organization","name":"Honorable Concejo Deliberante","url":"https:\/\/hcd.munialvear.gov.ar\/","logo":{"@type":"ImageObject","inLanguage":"es-AR","@id":"https:\/\/hcd.munialvear.gov.ar\/#\/schema\/logo\/image\/","url":"https:\/\/hcd.munialvear.gov.ar\/wp-content\/uploads\/2026\/01\/cropped-logo-concejo-fond-blanco.png","contentUrl":"https:\/\/hcd.munialvear.gov.ar\/wp-content\/uploads\/2026\/01\/cropped-logo-concejo-fond-blanco.png","width":1691,"height":1136,"caption":"Honorable Concejo Deliberante"},"image":{"@id":"https:\/\/hcd.munialvear.gov.ar\/#\/schema\/logo\/image\/"},"sameAs":["https:\/\/www.facebook.com\/hcdalvearbaires"]},{"@type":"Person","@id":"https:\/\/hcd.munialvear.gov.ar\/#\/schema\/person\/00946dc42b08eafacab2fb096957a2a0","name":"Honorable Concejo Deliberante","image":{"@type":"ImageObject","inLanguage":"es-AR","@id":"https:\/\/hcd.munialvear.gov.ar\/#\/schema\/person\/image\/","url":"https:\/\/secure.gravatar.com\/avatar\/e9138322b013621f1806616595844a8f42d2a2345f32ab965dfa995e2b17ee25?s=96&d=mm&r=g","contentUrl":"https:\/\/secure.gravatar.com\/avatar\/e9138322b013621f1806616595844a8f42d2a2345f32ab965dfa995e2b17ee25?s=96&d=mm&r=g","caption":"Honorable Concejo Deliberante"},"url":"https:\/\/hcd.munialvear.gov.ar\/?author=2"}]}},"_links":{"self":[{"href":"https:\/\/hcd.munialvear.gov.ar\/index.php?rest_route=\/wp\/v2\/posts\/6594","targetHints":{"allow":["GET"]}}],"collection":[{"href":"https:\/\/hcd.munialvear.gov.ar\/index.php?rest_route=\/wp\/v2\/posts"}],"about":[{"href":"https:\/\/hcd.munialvear.gov.ar\/index.php?rest_route=\/wp\/v2\/types\/post"}],"author":[{"embeddable":true,"href":"https:\/\/hcd.munialvear.gov.ar\/index.php?rest_route=\/wp\/v2\/users\/2"}],"replies":[{"embeddable":true,"href":"https:\/\/hcd.munialvear.gov.ar\/index.php?rest_route=%2Fwp%2Fv2%2Fcomments&post=6594"}],"version-history":[{"count":3,"href":"https:\/\/hcd.munialvear.gov.ar\/index.php?rest_route=\/wp\/v2\/posts\/6594\/revisions"}],"predecessor-version":[{"id":6599,"href":"https:\/\/hcd.munialvear.gov.ar\/index.php?rest_route=\/wp\/v2\/posts\/6594\/revisions\/6599"}],"wp:attachment":[{"href":"https:\/\/hcd.munialvear.gov.ar\/index.php?rest_route=%2Fwp%2Fv2%2Fmedia&parent=6594"}],"wp:term":[{"taxonomy":"category","embeddable":true,"href":"https:\/\/hcd.munialvear.gov.ar\/index.php?rest_route=%2Fwp%2Fv2%2Fcategories&post=6594"},{"taxonomy":"post_tag","embeddable":true,"href":"https:\/\/hcd.munialvear.gov.ar\/index.php?rest_route=%2Fwp%2Fv2%2Ftags&post=6594"}],"curies":[{"name":"wp","href":"https:\/\/api.w.org\/{rel}","templated":true}]}}